{"id":26225,"date":"2015-01-17T19:44:50","date_gmt":"2015-01-17T22:44:50","guid":{"rendered":"http:\/\/www.cordobatimes.com\/deportes\/?p=26225"},"modified":"2015-01-17T19:49:10","modified_gmt":"2015-01-17T22:49:10","slug":"dybala-hizo-un-gol-en-el-empate-de-palermo","status":"publish","type":"post","link":"https:\/\/www.cordobatimes.com\/deportes\/futbol-internacional\/2015\/01\/17\/dybala-hizo-un-gol-en-el-empate-de-palermo\/","title":{"rendered":"Dybala hizo un gol en el empate de Palermo"},"content":{"rendered":"<h3><strong><a href=\"http:\/\/www.cordobatimes.com\/deportes\/wp-content\/uploads\/2014\/11\/dybala.jpg\"><img loading=\"lazy\" decoding=\"async\" class=\"size-full wp-image-24724 aligncenter\" alt=\"dybala\" src=\"http:\/\/www.cordobatimes.com\/deportes\/wp-content\/uploads\/2014\/11\/dybala.jpg\" width=\"970\" height=\"545\" data-id=\"24724\" srcset=\"https:\/\/www.cordobatimes.com\/deportes\/wp-content\/uploads\/2014\/11\/dybala.jpg 970w, https:\/\/www.cordobatimes.com\/deportes\/wp-content\/uploads\/2014\/11\/dybala-300x168.jpg 300w\" sizes=\"auto, (max-width: 970px) 100vw, 970px\" \/><\/a><\/strong><\/h3>\n<h3 style=\"text-align: justify;\"><strong>El ex Instituto puso en ventaja a su equipo, tras pase de Franco V\u00e1zquez, sobre Roma, que luego empat\u00f3 pero no le alcanz\u00f3 para ser l\u00edder en el Calcio. VIDEO.<\/strong><\/h3>\n<p style=\"text-align: justify;\">\n<p style=\"text-align: justify;\">\u00a0A los 2 minutos de partido, cuando reci\u00e9n empezaban a acomodarse en la cancha, el conjunto de la capital, escolta de Juventus, perdi\u00f3 una pelota incre\u00edble que deriv\u00f3 en los pies del Mudo V\u00e1zquez. El zurdo vio picar a Dybala y se la dio, para que \u00e9ste defina ante la salida del arquero rival.<\/p>\n<p style=\"text-align: justify;\">El 1-0 oblig\u00f3 a los de Totty y compa\u00f1\u00eda a salir tras la igualdad, que reci\u00e9n lleg\u00f3 en el complemento, cuando el reloj indicaba 8\u00b4, a trav\u00e9s de Matt\u00eda Destro.<\/p>\n<p style=\"text-align: justify;\">Con este resultado, Roma perdi\u00f3 la posibilidad de treparse a la cima junto a la Vecchia Signora, que de ganar ma\u00f1ana estirar\u00e1 a cinco puntos su ventaja en la punta del f\u00fatbol italiano.<\/p>\n<p style=\"text-align: justify;\">La conquista del ex jugador glorioso:<\/p>\n<p><iframe loading=\"lazy\" src=\"\/\/www.youtube.com\/embed\/ruIQrT478X8\" height=\"315\" width=\"560\" allowfullscreen=\"\" frameborder=\"0\"><\/iframe><\/p>\n","protected":false},"excerpt":{"rendered":"<p>El ex Instituto puso en ventaja a su equipo, tras pase de Franco V\u00e1zquez, sobre Roma, que luego empat\u00f3 pero no le alcanz\u00f3 para ser l\u00edder en el Calcio. VIDEO. \u00a0A los 2 minutos de partido, cuando reci\u00e9n empezaban a acomodarse en la cancha, el conjunto de la capital, escolta de Juventus, perdi\u00f3 una pelota [&hellip;]<\/p>\n","protected":false},"author":2,"featured_media":24724,"comment_status":"closed","ping_status":"closed","sticky":false,"template":"","format":"standard","meta":{"_seopress_robots_primary_cat":"","_seopress_titles_title":"","_seopress_titles_desc":"","_seopress_robots_index":"","footnotes":""},"categories":[18],"tags":[4341,35,1802,948,336],"class_list":["post-26225","post","type-post","status-publish","format-standard","has-post-thumbnail","hentry","category-futbol-internacional","tag-dybala","tag-instituto","tag-mudo-vazquez","tag-palermo","tag-roma"],"_links":{"self":[{"href":"https:\/\/www.cordobatimes.com\/deportes\/wp-json\/wp\/v2\/posts\/26225","targetHints":{"allow":["GET"]}}],"collection":[{"href":"https:\/\/www.cordobatimes.com\/deportes\/wp-json\/wp\/v2\/posts"}],"about":[{"href":"https:\/\/www.cordobatimes.com\/deportes\/wp-json\/wp\/v2\/types\/post"}],"author":[{"embeddable":true,"href":"https:\/\/www.cordobatimes.com\/deportes\/wp-json\/wp\/v2\/users\/2"}],"replies":[{"embeddable":true,"href":"https:\/\/www.cordobatimes.com\/deportes\/wp-json\/wp\/v2\/comments?post=26225"}],"version-history":[{"count":0,"href":"https:\/\/www.cordobatimes.com\/deportes\/wp-json\/wp\/v2\/posts\/26225\/revisions"}],"wp:featuredmedia":[{"embeddable":true,"href":"https:\/\/www.cordobatimes.com\/deportes\/wp-json\/wp\/v2\/media\/24724"}],"wp:attachment":[{"href":"https:\/\/www.cordobatimes.com\/deportes\/wp-json\/wp\/v2\/media?parent=26225"}],"wp:term":[{"taxonomy":"category","embeddable":true,"href":"https:\/\/www.cordobatimes.com\/deportes\/wp-json\/wp\/v2\/categories?post=26225"},{"taxonomy":"post_tag","embeddable":true,"href":"https:\/\/www.cordobatimes.com\/deportes\/wp-json\/wp\/v2\/tags?post=26225"}],"curies":[{"name":"wp","href":"https:\/\/api.w.org\/{rel}","templated":true}]}}