{"id":26102,"date":"2015-01-14T18:28:26","date_gmt":"2015-01-14T21:28:26","guid":{"rendered":"http:\/\/www.cordobatimes.com\/deportes\/?p=26102"},"modified":"2015-01-14T18:28:26","modified_gmt":"2015-01-14T21:28:26","slug":"rally-dakar-al-attiyah-gano-una-nueva-etapa-y-acaricia-el-titulo-en-autos","status":"publish","type":"post","link":"https:\/\/www.cordobatimes.com\/deportes\/automovilismo\/2015\/01\/14\/rally-dakar-al-attiyah-gano-una-nueva-etapa-y-acaricia-el-titulo-en-autos\/","title":{"rendered":"Rally Dakar: Al-Attiyah gan\u00f3 una nueva etapa y acaricia el t\u00edtulo en autos"},"content":{"rendered":"<p style=\"text-align: center;\"><a href=\"http:\/\/www.cordobatimes.com\/deportes\/wp-content\/uploads\/2015\/01\/Qatar.jpg\"><img loading=\"lazy\" decoding=\"async\" class=\"size-full wp-image-26103 aligncenter\" alt=\"Qatar\" src=\"http:\/\/www.cordobatimes.com\/deportes\/wp-content\/uploads\/2015\/01\/Qatar.jpg\" width=\"1000\" height=\"560\" data-id=\"26103\" srcset=\"https:\/\/www.cordobatimes.com\/deportes\/wp-content\/uploads\/2015\/01\/Qatar.jpg 1000w, https:\/\/www.cordobatimes.com\/deportes\/wp-content\/uploads\/2015\/01\/Qatar-300x168.jpg 300w\" sizes=\"auto, (max-width: 1000px) 100vw, 1000px\" \/><\/a><\/p>\n<h3 style=\"text-align: justify;\"><b>El piloto catar\u00ed se qued\u00f3 con la d\u00e9cima etapa en autos y extendi\u00f3 a\u00fan m\u00e1s la diferencia en la general a tan solo tres d\u00edas para que finalice la competencia. El segundo puesto fue para el mendocino Orly Terranova.<\/b><\/h3>\n<p style=\"text-align: justify;\">\n<p style=\"text-align: justify;\">\n<p style=\"text-align: justify;\">El catar\u00ed Nasser Al-Attiyah (Mini), se adjudic\u00f3 la 10\u00aa etapa de autos del Rally Dakar 2015, que uni\u00f3 la localidad chilena de Calama con Salta, y contin\u00faa ampliando su ventaja en la tabla general. Por su parte, el espa\u00f1ol Joan Roma (Mini), campe\u00f3n de la \u00faltima edici\u00f3n, debi\u00f3 abandonar luego de protagonizar un accidente.<\/p>\n<p style=\"text-align: justify;\">En tanto, quien secund\u00f3 al piloto de Qatar en la etapa de 371 kil\u00f3metros de longitud fue el mendocino Orlando Terranova (Mini), a 1.35 minutos de distancia. El podio fue completado por el saud\u00ed Yazeed Al-Attiyah (Mini), a 3.39.<\/p>\n<p style=\"text-align: justify;\">De esta manera, Nasser extendi\u00f3 a 4.24 minutos la diferencia con su inmediato competidor, el sudafricano Giniel de Villiers (Toyota), quien ahora lo persigue 28.22 minutos por detr\u00e1s. Con este resultado, y a tres d\u00edas para que la competencia llegue a su fin, el catar\u00ed acaricia el t\u00edtulo.<\/p>\n","protected":false},"excerpt":{"rendered":"<p>El piloto catar\u00ed se qued\u00f3 con la d\u00e9cima etapa en autos y extendi\u00f3 a\u00fan m\u00e1s la diferencia en la general a tan solo tres d\u00edas para que finalice la competencia. El segundo puesto fue para el mendocino Orly Terranova. El catar\u00ed Nasser Al-Attiyah (Mini), se adjudic\u00f3 la 10\u00aa etapa de autos del Rally Dakar 2015, [&hellip;]<\/p>\n","protected":false},"author":15,"featured_media":26103,"comment_status":"closed","ping_status":"closed","sticky":false,"template":"","format":"standard","meta":{"_seopress_robots_primary_cat":"","_seopress_titles_title":"","_seopress_titles_desc":"","_seopress_robots_index":"","footnotes":""},"categories":[1],"tags":[4863,4862,4803],"class_list":["post-26102","post","type-post","status-publish","format-standard","has-post-thumbnail","hentry","category-automovilismo","tag-autos","tag-nasser-al-attiyah","tag-rally-dakar-2015"],"_links":{"self":[{"href":"https:\/\/www.cordobatimes.com\/deportes\/wp-json\/wp\/v2\/posts\/26102","targetHints":{"allow":["GET"]}}],"collection":[{"href":"https:\/\/www.cordobatimes.com\/deportes\/wp-json\/wp\/v2\/posts"}],"about":[{"href":"https:\/\/www.cordobatimes.com\/deportes\/wp-json\/wp\/v2\/types\/post"}],"author":[{"embeddable":true,"href":"https:\/\/www.cordobatimes.com\/deportes\/wp-json\/wp\/v2\/users\/15"}],"replies":[{"embeddable":true,"href":"https:\/\/www.cordobatimes.com\/deportes\/wp-json\/wp\/v2\/comments?post=26102"}],"version-history":[{"count":0,"href":"https:\/\/www.cordobatimes.com\/deportes\/wp-json\/wp\/v2\/posts\/26102\/revisions"}],"wp:featuredmedia":[{"embeddable":true,"href":"https:\/\/www.cordobatimes.com\/deportes\/wp-json\/wp\/v2\/media\/26103"}],"wp:attachment":[{"href":"https:\/\/www.cordobatimes.com\/deportes\/wp-json\/wp\/v2\/media?parent=26102"}],"wp:term":[{"taxonomy":"category","embeddable":true,"href":"https:\/\/www.cordobatimes.com\/deportes\/wp-json\/wp\/v2\/categories?post=26102"},{"taxonomy":"post_tag","embeddable":true,"href":"https:\/\/www.cordobatimes.com\/deportes\/wp-json\/wp\/v2\/tags?post=26102"}],"curies":[{"name":"wp","href":"https:\/\/api.w.org\/{rel}","templated":true}]}}