{"id":26083,"date":"2015-01-14T10:57:06","date_gmt":"2015-01-14T13:57:06","guid":{"rendered":"http:\/\/www.cordobatimes.com\/deportes\/?p=26083"},"modified":"2015-01-14T11:15:21","modified_gmt":"2015-01-14T14:15:21","slug":"discusion-caliente-entre-pagani-y-arevalo-en-estudio-futbol","status":"publish","type":"post","link":"https:\/\/www.cordobatimes.com\/deportes\/polideportivo\/2015\/01\/14\/discusion-caliente-entre-pagani-y-arevalo-en-estudio-futbol\/","title":{"rendered":"Discusi\u00f3n caliente entre Pagani y Ar\u00e9valo en Estudio F\u00fatbol"},"content":{"rendered":"<h3><strong><a href=\"http:\/\/www.cordobatimes.com\/deportes\/wp-content\/uploads\/2015\/01\/PAgani.jpg\"><img loading=\"lazy\" decoding=\"async\" class=\"size-full wp-image-26084 aligncenter\" alt=\"PAgani\" src=\"http:\/\/www.cordobatimes.com\/deportes\/wp-content\/uploads\/2015\/01\/PAgani.jpg\" width=\"573\" height=\"278\" data-id=\"26084\" srcset=\"https:\/\/www.cordobatimes.com\/deportes\/wp-content\/uploads\/2015\/01\/PAgani.jpg 573w, https:\/\/www.cordobatimes.com\/deportes\/wp-content\/uploads\/2015\/01\/PAgani-300x145.jpg 300w\" sizes=\"auto, (max-width: 573px) 100vw, 573px\" \/><\/a><\/strong><\/h3>\n<h3 style=\"text-align: justify;\"><strong>Los periodistas se enfrentaron a los gritos en &#8220;Estudio F\u00fatbol&#8221;, que se emite por TyC Sports. El m\u00e1s experimentado trat\u00f3 de &#8220;boludo&#8221; en varias ocasiones a su compa\u00f1ero. VIDEO.<\/strong><\/h3>\n<p style=\"text-align: justify;\">\n<p style=\"text-align: justify;\">A diferencia de otras anteriores, donde m\u00e1s all\u00e1 de no coincidir la finalizaci\u00f3n era amena, en este caso el duelo picante entre Horacio Pagani y Mart\u00edn Ar\u00e9valo estuvo cerca de terminar mal, con invitaci\u00f3n a tomarse a golpes y varios insultos al aire.<\/p>\n<p style=\"text-align: justify;\">Mir\u00e1 las im\u00e1genes:<\/p>\n<p>\u00a0<iframe loading=\"lazy\" src=\"\/\/www.youtube.com\/embed\/CzGC3siUYYw\" height=\"315\" width=\"560\" allowfullscreen=\"\" frameborder=\"0\"><\/iframe><\/p>\n","protected":false},"excerpt":{"rendered":"<p>Los periodistas se enfrentaron a los gritos en &#8220;Estudio F\u00fatbol&#8221;, que se emite por TyC Sports. El m\u00e1s experimentado trat\u00f3 de &#8220;boludo&#8221; en varias ocasiones a su compa\u00f1ero. VIDEO. A diferencia de otras anteriores, donde m\u00e1s all\u00e1 de no coincidir la finalizaci\u00f3n era amena, en este caso el duelo picante entre Horacio Pagani y Mart\u00edn [&hellip;]<\/p>\n","protected":false},"author":2,"featured_media":26084,"comment_status":"closed","ping_status":"closed","sticky":false,"template":"","format":"standard","meta":{"_seopress_robots_primary_cat":"","_seopress_titles_title":"","_seopress_titles_desc":"","_seopress_robots_index":"","footnotes":""},"categories":[6],"tags":[2267,4853],"class_list":["post-26083","post","type-post","status-publish","format-standard","has-post-thumbnail","hentry","category-polideportivo","tag-tv","tag-tyc-sports-pelea-entre-pagani-y-arevalo"],"_links":{"self":[{"href":"https:\/\/www.cordobatimes.com\/deportes\/wp-json\/wp\/v2\/posts\/26083","targetHints":{"allow":["GET"]}}],"collection":[{"href":"https:\/\/www.cordobatimes.com\/deportes\/wp-json\/wp\/v2\/posts"}],"about":[{"href":"https:\/\/www.cordobatimes.com\/deportes\/wp-json\/wp\/v2\/types\/post"}],"author":[{"embeddable":true,"href":"https:\/\/www.cordobatimes.com\/deportes\/wp-json\/wp\/v2\/users\/2"}],"replies":[{"embeddable":true,"href":"https:\/\/www.cordobatimes.com\/deportes\/wp-json\/wp\/v2\/comments?post=26083"}],"version-history":[{"count":0,"href":"https:\/\/www.cordobatimes.com\/deportes\/wp-json\/wp\/v2\/posts\/26083\/revisions"}],"wp:featuredmedia":[{"embeddable":true,"href":"https:\/\/www.cordobatimes.com\/deportes\/wp-json\/wp\/v2\/media\/26084"}],"wp:attachment":[{"href":"https:\/\/www.cordobatimes.com\/deportes\/wp-json\/wp\/v2\/media?parent=26083"}],"wp:term":[{"taxonomy":"category","embeddable":true,"href":"https:\/\/www.cordobatimes.com\/deportes\/wp-json\/wp\/v2\/categories?post=26083"},{"taxonomy":"post_tag","embeddable":true,"href":"https:\/\/www.cordobatimes.com\/deportes\/wp-json\/wp\/v2\/tags?post=26083"}],"curies":[{"name":"wp","href":"https:\/\/api.w.org\/{rel}","templated":true}]}}