{"id":26037,"date":"2015-01-11T20:21:54","date_gmt":"2015-01-11T23:21:54","guid":{"rendered":"http:\/\/www.cordobatimes.com\/deportes\/?p=26037"},"modified":"2015-01-11T20:21:54","modified_gmt":"2015-01-11T23:21:54","slug":"federer-consiguio-su-triunfo-numero-1000-y-titulo-en-brisbane","status":"publish","type":"post","link":"https:\/\/www.cordobatimes.com\/deportes\/futbol\/2015\/01\/11\/federer-consiguio-su-triunfo-numero-1000-y-titulo-en-brisbane\/","title":{"rendered":"Federer consigui\u00f3 su triunfo n\u00famero 1000 y t\u00edtulo en Brisbane"},"content":{"rendered":"<h3><strong><a href=\"http:\/\/www.cordobatimes.com\/deportes\/wp-content\/uploads\/2015\/01\/Federer.jpg\"><img loading=\"lazy\" decoding=\"async\" class=\"size-full wp-image-26038 aligncenter\" alt=\"Federer\" src=\"http:\/\/www.cordobatimes.com\/deportes\/wp-content\/uploads\/2015\/01\/Federer.jpg\" width=\"1000\" height=\"560\" data-id=\"26038\" srcset=\"https:\/\/www.cordobatimes.com\/deportes\/wp-content\/uploads\/2015\/01\/Federer.jpg 1000w, https:\/\/www.cordobatimes.com\/deportes\/wp-content\/uploads\/2015\/01\/Federer-300x168.jpg 300w\" sizes=\"auto, (max-width: 1000px) 100vw, 1000px\" \/><\/a><\/strong><\/h3>\n<h3><strong>Derrot\u00f3 con parciales de 6-4, 6-7 y 6-4 al canadiense Raonic y se adjudic\u00f3 el torneo.<\/strong><\/h3>\n<p>&nbsp;<\/p>\n<p>El suizo Roger Federer, primer cabeza de serie, dobleg\u00f3 por 6-4, 6-7 (2) y 6-4 al canadiense Milos Raonic en la final del torneo de tenis de Brisbane (Australia) y alcanz\u00f3 las mil victorias en el circuito profesional.<\/p>\n<p>Era el deseo del ex n\u00famero uno del mundo festejar el millar de triunfos en la final de un torneo y en Brisbane logr\u00f3 un hito que le sit\u00faa tras los estadounidenses Jimmy Connors (1.253) e Ivan Lendl (1.071), este \u00faltimo de origen checo.<\/p>\n<p>La final del torneo de Brisbane no igualar\u00e1 en emotividad a su primer triunfo en Wimbledon, en el a\u00f1o 2003 sobre el australiano Mark Philippoussis, pero s\u00ed tendr\u00e1 un valor especial para el suizo por haber ampliado a 29 el n\u00famero de ciudades en las que conquist\u00f3 al menos un t\u00edtulo.<\/p>\n<p>Fuente: TyC Sports.<\/p>\n","protected":false},"excerpt":{"rendered":"<p>Derrot\u00f3 con parciales de 6-4, 6-7 y 6-4 al canadiense Raonic y se adjudic\u00f3 el torneo. &nbsp; El suizo Roger Federer, primer cabeza de serie, dobleg\u00f3 por 6-4, 6-7 (2) y 6-4 al canadiense Milos Raonic en la final del torneo de tenis de Brisbane (Australia) y alcanz\u00f3 las mil victorias en el circuito profesional. [&hellip;]<\/p>\n","protected":false},"author":2,"featured_media":26038,"comment_status":"closed","ping_status":"closed","sticky":false,"template":"","format":"standard","meta":{"_seopress_robots_primary_cat":"","_seopress_titles_title":"","_seopress_titles_desc":"","_seopress_robots_index":"","footnotes":""},"categories":[2],"tags":[202,1412,85,4846],"class_list":["post-26037","post","type-post","status-publish","format-standard","has-post-thumbnail","hentry","category-futbol","tag-atp","tag-brisbane","tag-federer","tag-triunfo-1000"],"_links":{"self":[{"href":"https:\/\/www.cordobatimes.com\/deportes\/wp-json\/wp\/v2\/posts\/26037","targetHints":{"allow":["GET"]}}],"collection":[{"href":"https:\/\/www.cordobatimes.com\/deportes\/wp-json\/wp\/v2\/posts"}],"about":[{"href":"https:\/\/www.cordobatimes.com\/deportes\/wp-json\/wp\/v2\/types\/post"}],"author":[{"embeddable":true,"href":"https:\/\/www.cordobatimes.com\/deportes\/wp-json\/wp\/v2\/users\/2"}],"replies":[{"embeddable":true,"href":"https:\/\/www.cordobatimes.com\/deportes\/wp-json\/wp\/v2\/comments?post=26037"}],"version-history":[{"count":0,"href":"https:\/\/www.cordobatimes.com\/deportes\/wp-json\/wp\/v2\/posts\/26037\/revisions"}],"wp:featuredmedia":[{"embeddable":true,"href":"https:\/\/www.cordobatimes.com\/deportes\/wp-json\/wp\/v2\/media\/26038"}],"wp:attachment":[{"href":"https:\/\/www.cordobatimes.com\/deportes\/wp-json\/wp\/v2\/media?parent=26037"}],"wp:term":[{"taxonomy":"category","embeddable":true,"href":"https:\/\/www.cordobatimes.com\/deportes\/wp-json\/wp\/v2\/categories?post=26037"},{"taxonomy":"post_tag","embeddable":true,"href":"https:\/\/www.cordobatimes.com\/deportes\/wp-json\/wp\/v2\/tags?post=26037"}],"curies":[{"name":"wp","href":"https:\/\/api.w.org\/{rel}","templated":true}]}}