{"id":26032,"date":"2015-01-10T11:48:52","date_gmt":"2015-01-10T14:48:52","guid":{"rendered":"http:\/\/www.cordobatimes.com\/deportes\/?p=26032"},"modified":"2015-01-10T11:48:52","modified_gmt":"2015-01-10T14:48:52","slug":"video-la-exigente-pretemporada-de-los-arqueros-de-river","status":"publish","type":"post","link":"https:\/\/www.cordobatimes.com\/deportes\/futbol\/2015\/01\/10\/video-la-exigente-pretemporada-de-los-arqueros-de-river\/","title":{"rendered":"Video: la exigente pretemporada de los arqueros de River"},"content":{"rendered":"<h3><strong><a href=\"http:\/\/www.cordobatimes.com\/deportes\/wp-content\/uploads\/2015\/01\/Arqueros-River.jpg\"><img loading=\"lazy\" decoding=\"async\" class=\"size-full wp-image-26033 aligncenter\" alt=\"Arqueros River\" src=\"http:\/\/www.cordobatimes.com\/deportes\/wp-content\/uploads\/2015\/01\/Arqueros-River.jpg\" width=\"631\" height=\"318\" data-id=\"26033\" srcset=\"https:\/\/www.cordobatimes.com\/deportes\/wp-content\/uploads\/2015\/01\/Arqueros-River.jpg 631w, https:\/\/www.cordobatimes.com\/deportes\/wp-content\/uploads\/2015\/01\/Arqueros-River-300x151.jpg 300w\" sizes=\"auto, (max-width: 631px) 100vw, 631px\" \/><\/a><\/strong><\/h3>\n<h3 style=\"text-align: justify;\"><strong>En su canal oficial de Youtube, el conjunto Millonario public\u00f3 algunos trabajos que llevan adelante Barovero, Chiarini y el juvenil Rodr\u00edguez.\u00a0<\/strong><\/h3>\n<p style=\"text-align: justify;\">\n<p style=\"text-align: justify;\">River se prepara en Punta del Este para el exigente 2015 que se le viene, porque adem\u00e1s del campeonato local, tambi\u00e9n disputar\u00e1 la Supercopa Argentina (ante Hurac\u00e1n), la Recopa Sudamericana (con San Lorenzo), la Copa Libertadores, la Copa Sudamericana, la Copa Argentina y la Suruga Bank.<\/p>\n<p style=\"text-align: justify;\">Por eso, Marcelo Gallardo dispuso una planificaci\u00f3n con trabajos espec\u00edficos para cada l\u00ednea. En este caso, salieron a la luz las im\u00e1genes de como trabajan los arqueros del plantel, entre los cuales se encuentra el ex Instituto Julio Chiarini.<\/p>\n<p style=\"text-align: justify;\">Mir\u00e1:<\/p>\n<p>\u00a0<iframe loading=\"lazy\" src=\"\/\/www.youtube.com\/embed\/Bu1DnWzyOhI\" height=\"315\" width=\"560\" allowfullscreen=\"\" frameborder=\"0\"><\/iframe><\/p>\n","protected":false},"excerpt":{"rendered":"<p>En su canal oficial de Youtube, el conjunto Millonario public\u00f3 algunos trabajos que llevan adelante Barovero, Chiarini y el juvenil Rodr\u00edguez.\u00a0 River se prepara en Punta del Este para el exigente 2015 que se le viene, porque adem\u00e1s del campeonato local, tambi\u00e9n disputar\u00e1 la Supercopa Argentina (ante Hurac\u00e1n), la Recopa Sudamericana (con San Lorenzo), la [&hellip;]<\/p>\n","protected":false},"author":2,"featured_media":26033,"comment_status":"closed","ping_status":"closed","sticky":false,"template":"","format":"standard","meta":{"_seopress_robots_primary_cat":"","_seopress_titles_title":"","_seopress_titles_desc":"","_seopress_robots_index":"","footnotes":""},"categories":[2,16],"tags":[33,2451,563,1017,74,114],"class_list":["post-26032","post","type-post","status-publish","format-standard","has-post-thumbnail","hentry","category-futbol","category-primera-division","tag-afa","tag-barovero","tag-chiarini","tag-pretemporada","tag-river","tag-rodriguez"],"_links":{"self":[{"href":"https:\/\/www.cordobatimes.com\/deportes\/wp-json\/wp\/v2\/posts\/26032","targetHints":{"allow":["GET"]}}],"collection":[{"href":"https:\/\/www.cordobatimes.com\/deportes\/wp-json\/wp\/v2\/posts"}],"about":[{"href":"https:\/\/www.cordobatimes.com\/deportes\/wp-json\/wp\/v2\/types\/post"}],"author":[{"embeddable":true,"href":"https:\/\/www.cordobatimes.com\/deportes\/wp-json\/wp\/v2\/users\/2"}],"replies":[{"embeddable":true,"href":"https:\/\/www.cordobatimes.com\/deportes\/wp-json\/wp\/v2\/comments?post=26032"}],"version-history":[{"count":0,"href":"https:\/\/www.cordobatimes.com\/deportes\/wp-json\/wp\/v2\/posts\/26032\/revisions"}],"wp:featuredmedia":[{"embeddable":true,"href":"https:\/\/www.cordobatimes.com\/deportes\/wp-json\/wp\/v2\/media\/26033"}],"wp:attachment":[{"href":"https:\/\/www.cordobatimes.com\/deportes\/wp-json\/wp\/v2\/media?parent=26032"}],"wp:term":[{"taxonomy":"category","embeddable":true,"href":"https:\/\/www.cordobatimes.com\/deportes\/wp-json\/wp\/v2\/categories?post=26032"},{"taxonomy":"post_tag","embeddable":true,"href":"https:\/\/www.cordobatimes.com\/deportes\/wp-json\/wp\/v2\/tags?post=26032"}],"curies":[{"name":"wp","href":"https:\/\/api.w.org\/{rel}","templated":true}]}}