{"id":26020,"date":"2015-01-10T11:26:08","date_gmt":"2015-01-10T14:26:08","guid":{"rendered":"http:\/\/www.cordobatimes.com\/deportes\/?p=26020"},"modified":"2015-01-10T12:06:38","modified_gmt":"2015-01-10T15:06:38","slug":"emiliano-papa-a-un-paso-de-cerrar-con-independiente","status":"publish","type":"post","link":"https:\/\/www.cordobatimes.com\/deportes\/futbol\/2015\/01\/10\/emiliano-papa-a-un-paso-de-cerrar-con-independiente\/","title":{"rendered":"Emiliano Papa, a un paso de cerrar con Independiente"},"content":{"rendered":"<h3><strong><a href=\"http:\/\/www.cordobatimes.com\/deportes\/wp-content\/uploads\/2015\/01\/papa.jpg\"><img loading=\"lazy\" decoding=\"async\" class=\"size-full wp-image-26021 aligncenter\" alt=\"papa\" src=\"http:\/\/www.cordobatimes.com\/deportes\/wp-content\/uploads\/2015\/01\/papa.jpg\" width=\"1000\" height=\"700\" data-id=\"26021\" srcset=\"https:\/\/www.cordobatimes.com\/deportes\/wp-content\/uploads\/2015\/01\/papa.jpg 1000w, https:\/\/www.cordobatimes.com\/deportes\/wp-content\/uploads\/2015\/01\/papa-300x210.jpg 300w\" sizes=\"auto, (max-width: 1000px) 100vw, 1000px\" \/><\/a><\/strong><\/h3>\n<h3><strong>Los de Avellaneda llegaron a un acuerdo de palabra con el lateral izquierdo, hoy propiedad de V\u00e9lez. La dirigencia pagar\u00e1 la clausula de rescisi\u00f3n y cumplir\u00e1 con uno de los pedidos del entrenador.<\/strong><\/h3>\n<p>&nbsp;<\/p>\n<p>Papa, de 32 a\u00f1os, tiene que cumplir seis meses de contrato con el Fort\u00edn y firmar\u00eda con el Rojo por dos temporadas. Se le pagar\u00eda la cl\u00e1usula al club de Liniers para liberar al zurdo.<\/p>\n<p>La primera presentaci\u00f3n del equipo de Almir\u00f3n en los torneos de verano 2015 ser\u00e1 el jueves pr\u00f3ximo frente a Estudiantes de La Plata, en Mar del Plata, por la Copa de Oro.<\/p>\n","protected":false},"excerpt":{"rendered":"<p>Los de Avellaneda llegaron a un acuerdo de palabra con el lateral izquierdo, hoy propiedad de V\u00e9lez. La dirigencia pagar\u00e1 la clausula de rescisi\u00f3n y cumplir\u00e1 con uno de los pedidos del entrenador. &nbsp; Papa, de 32 a\u00f1os, tiene que cumplir seis meses de contrato con el Fort\u00edn y firmar\u00eda con el Rojo por dos [&hellip;]<\/p>\n","protected":false},"author":2,"featured_media":26021,"comment_status":"closed","ping_status":"closed","sticky":false,"template":"","format":"standard","meta":{"_seopress_robots_primary_cat":"","_seopress_titles_title":"","_seopress_titles_desc":"","_seopress_robots_index":"","footnotes":""},"categories":[2,16],"tags":[33,65,2704,621,1537,214],"class_list":["post-26020","post","type-post","status-publish","format-standard","has-post-thumbnail","hentry","category-futbol","category-primera-division","tag-afa","tag-independiente","tag-mercado-de-pases","tag-papa","tag-refuerzo","tag-velez"],"_links":{"self":[{"href":"https:\/\/www.cordobatimes.com\/deportes\/wp-json\/wp\/v2\/posts\/26020","targetHints":{"allow":["GET"]}}],"collection":[{"href":"https:\/\/www.cordobatimes.com\/deportes\/wp-json\/wp\/v2\/posts"}],"about":[{"href":"https:\/\/www.cordobatimes.com\/deportes\/wp-json\/wp\/v2\/types\/post"}],"author":[{"embeddable":true,"href":"https:\/\/www.cordobatimes.com\/deportes\/wp-json\/wp\/v2\/users\/2"}],"replies":[{"embeddable":true,"href":"https:\/\/www.cordobatimes.com\/deportes\/wp-json\/wp\/v2\/comments?post=26020"}],"version-history":[{"count":0,"href":"https:\/\/www.cordobatimes.com\/deportes\/wp-json\/wp\/v2\/posts\/26020\/revisions"}],"wp:featuredmedia":[{"embeddable":true,"href":"https:\/\/www.cordobatimes.com\/deportes\/wp-json\/wp\/v2\/media\/26021"}],"wp:attachment":[{"href":"https:\/\/www.cordobatimes.com\/deportes\/wp-json\/wp\/v2\/media?parent=26020"}],"wp:term":[{"taxonomy":"category","embeddable":true,"href":"https:\/\/www.cordobatimes.com\/deportes\/wp-json\/wp\/v2\/categories?post=26020"},{"taxonomy":"post_tag","embeddable":true,"href":"https:\/\/www.cordobatimes.com\/deportes\/wp-json\/wp\/v2\/tags?post=26020"}],"curies":[{"name":"wp","href":"https:\/\/api.w.org\/{rel}","templated":true}]}}