{"id":26002,"date":"2015-01-09T11:00:10","date_gmt":"2015-01-09T14:00:10","guid":{"rendered":"http:\/\/www.cordobatimes.com\/deportes\/?p=26002"},"modified":"2015-01-09T12:24:40","modified_gmt":"2015-01-09T15:24:40","slug":"aguero-volvio-a-entrenarse-en-manchester-city","status":"publish","type":"post","link":"https:\/\/www.cordobatimes.com\/deportes\/futbol-internacional\/2015\/01\/09\/aguero-volvio-a-entrenarse-en-manchester-city\/","title":{"rendered":"Ag\u00fcero volvi\u00f3 a entrenarse en Manchester City"},"content":{"rendered":"<h3 style=\"text-align: justify;\"><strong><a href=\"http:\/\/www.cordobatimes.com\/deportes\/wp-content\/uploads\/2014\/05\/Aguero.jpg\"><img loading=\"lazy\" decoding=\"async\" class=\"size-full wp-image-14793 aligncenter\" alt=\"Aguero\" src=\"http:\/\/www.cordobatimes.com\/deportes\/wp-content\/uploads\/2014\/05\/Aguero.jpg\" width=\"620\" height=\"413\" data-id=\"14793\" srcset=\"https:\/\/www.cordobatimes.com\/deportes\/wp-content\/uploads\/2014\/05\/Aguero.jpg 620w, https:\/\/www.cordobatimes.com\/deportes\/wp-content\/uploads\/2014\/05\/Aguero-300x199.jpg 300w\" sizes=\"auto, (max-width: 620px) 100vw, 620px\" \/><\/a><\/strong><\/h3>\n<h3 style=\"text-align: justify;\"><strong>Tras la lesi\u00f3n en la rodilla sufrida a principios de diciembre, el Kun ya est\u00e1 recuperado y se integr\u00f3 a los trabajos junto al plantel dirigido por Manuel Pellegrini.<\/strong><\/h3>\n<p>&nbsp;<\/p>\n<p style=\"text-align: justify;\">El entrenamiento del jueves de\u00a0Manchester City, l\u00edder de la Premier League junto a Chelsea, trajo dos muy buenas noticias para el DT chileno, quien podr\u00e1 volver a contar con opciones y variantes en ofensiva luego de algunas presentaciones en las que, por momentos, tuvo que improvisar en ataque. Es que, luego de superar sus respectivas lesiones,\u00a0Sergio Ag\u00fcero\u00a0y\u00a0Edin Dzeko\u00a0volvieron a practicar con el resto de sus compa\u00f1eros y ya est\u00e1n a disposici\u00f3n para los pr\u00f3ximos compromisos (este s\u00e1bado ante Everton, como visitante, y el domingo 18 frente a Arsenal, como local).<\/p>\n<p>El Kun, que esta temporada marc\u00f3\u00a019 goles en 23 partidos, estuvo fuera de acci\u00f3n por una lesi\u00f3n en la rodilla sufrida en el triunfo del City por 1-0 sobre Everton, el \u00faltimo 6 de diciembre. Por su parte, siete d\u00edas m\u00e1s tarde, Dzeko se perfilaba para ser el reemplazante del argentino, pero sufri\u00f3 una lesi\u00f3n en la pantorrilla durante el calentamiento previo a la victoria por la m\u00ednima sobre Leicester.<\/p>\n<p style=\"text-align: justify;\">Fuente: Goal.com<\/p>\n","protected":false},"excerpt":{"rendered":"<p>Tras la lesi\u00f3n en la rodilla sufrida a principios de diciembre, el Kun ya est\u00e1 recuperado y se integr\u00f3 a los trabajos junto al plantel dirigido por Manuel Pellegrini. &nbsp; El entrenamiento del jueves de\u00a0Manchester City, l\u00edder de la Premier League junto a Chelsea, trajo dos muy buenas noticias para el DT chileno, quien podr\u00e1 [&hellip;]<\/p>\n","protected":false},"author":2,"featured_media":14793,"comment_status":"closed","ping_status":"closed","sticky":false,"template":"","format":"standard","meta":{"_seopress_robots_primary_cat":"","_seopress_titles_title":"","_seopress_titles_desc":"","_seopress_robots_index":"","footnotes":""},"categories":[18],"tags":[176,368,153,268,4837],"class_list":["post-26002","post","type-post","status-publish","format-standard","has-post-thumbnail","hentry","category-futbol-internacional","tag-aguero","tag-lesion","tag-manchester-city","tag-premier-league","tag-regreso"],"_links":{"self":[{"href":"https:\/\/www.cordobatimes.com\/deportes\/wp-json\/wp\/v2\/posts\/26002","targetHints":{"allow":["GET"]}}],"collection":[{"href":"https:\/\/www.cordobatimes.com\/deportes\/wp-json\/wp\/v2\/posts"}],"about":[{"href":"https:\/\/www.cordobatimes.com\/deportes\/wp-json\/wp\/v2\/types\/post"}],"author":[{"embeddable":true,"href":"https:\/\/www.cordobatimes.com\/deportes\/wp-json\/wp\/v2\/users\/2"}],"replies":[{"embeddable":true,"href":"https:\/\/www.cordobatimes.com\/deportes\/wp-json\/wp\/v2\/comments?post=26002"}],"version-history":[{"count":0,"href":"https:\/\/www.cordobatimes.com\/deportes\/wp-json\/wp\/v2\/posts\/26002\/revisions"}],"wp:featuredmedia":[{"embeddable":true,"href":"https:\/\/www.cordobatimes.com\/deportes\/wp-json\/wp\/v2\/media\/14793"}],"wp:attachment":[{"href":"https:\/\/www.cordobatimes.com\/deportes\/wp-json\/wp\/v2\/media?parent=26002"}],"wp:term":[{"taxonomy":"category","embeddable":true,"href":"https:\/\/www.cordobatimes.com\/deportes\/wp-json\/wp\/v2\/categories?post=26002"},{"taxonomy":"post_tag","embeddable":true,"href":"https:\/\/www.cordobatimes.com\/deportes\/wp-json\/wp\/v2\/tags?post=26002"}],"curies":[{"name":"wp","href":"https:\/\/api.w.org\/{rel}","templated":true}]}}