{"id":25987,"date":"2015-01-08T13:35:21","date_gmt":"2015-01-08T16:35:21","guid":{"rendered":"http:\/\/www.cordobatimes.com\/deportes\/?p=25987"},"modified":"2015-01-08T13:35:21","modified_gmt":"2015-01-08T16:35:21","slug":"palermo-pide-una-cifra-millonaria-por-el-mudo-vazquez","status":"publish","type":"post","link":"https:\/\/www.cordobatimes.com\/deportes\/futbol-internacional\/2015\/01\/08\/palermo-pide-una-cifra-millonaria-por-el-mudo-vazquez\/","title":{"rendered":"Palermo pide una cifra millonaria por el Mudo V\u00e1zquez"},"content":{"rendered":"<h3><a href=\"http:\/\/www.cordobatimes.com\/deportes\/wp-content\/uploads\/2015\/01\/Vazquez.jpg\"><img loading=\"lazy\" decoding=\"async\" class=\"size-full wp-image-25988 aligncenter\" alt=\"Vazquez\" src=\"http:\/\/www.cordobatimes.com\/deportes\/wp-content\/uploads\/2015\/01\/Vazquez.jpg\" width=\"642\" height=\"361\" data-id=\"25988\" srcset=\"https:\/\/www.cordobatimes.com\/deportes\/wp-content\/uploads\/2015\/01\/Vazquez.jpg 642w, https:\/\/www.cordobatimes.com\/deportes\/wp-content\/uploads\/2015\/01\/Vazquez-300x168.jpg 300w\" sizes=\"auto, (max-width: 642px) 100vw, 642px\" \/><\/a><\/h3>\n<h3 style=\"text-align: justify;\"><strong>Maurizio Zamparini, m\u00e1ximo dirigente de la instituci\u00f3n italiana, tas\u00f3 al ex Belgrano en 70 millones de euros. Adem\u00e1s, confirm\u00f3 que recibi\u00f3 sondeos por el jugador.<\/strong><\/h3>\n<p style=\"text-align: justify;\">\n<p style=\"text-align: justify;\">La gran labor que est\u00e1n llevando a cabo los argentinos Paulo Dybala y Franco V\u00e1zquez en el club de Sicilia hicieron que su Presidente tenga la intenci\u00f3n de mantenerlos en la instituci\u00f3n.<\/p>\n<p style=\"text-align: justify;\">Seg\u00fan el mandam\u00e1s, por ambos escuch\u00f3 ofertas pero por el momento ninguna de manera formal. Quiz\u00e1s, los grandes de Europa que consultaron por el enganche se &#8220;asustaron&#8221; por la elevada cifra que el directivo coloc\u00f3 para negociar.<\/p>\n<p style=\"text-align: justify;\">Zamparini habl\u00f3 ante los medios y declar\u00f3 que por el Mudo no espera menos de 70 millones de euros. Reci\u00e9n con esos n\u00fameros comenzar\u00e1 a dialogar para transferirlo, ya que lo considera &#8220;clave&#8221; en las aspiraciones de Palermo para el presente torneo de la Serie A, donde intentar\u00e1n conseguir el pasaje a las copas europeas.<\/p>\n","protected":false},"excerpt":{"rendered":"<p>Maurizio Zamparini, m\u00e1ximo dirigente de la instituci\u00f3n italiana, tas\u00f3 al ex Belgrano en 70 millones de euros. Adem\u00e1s, confirm\u00f3 que recibi\u00f3 sondeos por el jugador. La gran labor que est\u00e1n llevando a cabo los argentinos Paulo Dybala y Franco V\u00e1zquez en el club de Sicilia hicieron que su Presidente tenga la intenci\u00f3n de mantenerlos en [&hellip;]<\/p>\n","protected":false},"author":2,"featured_media":25988,"comment_status":"closed","ping_status":"closed","sticky":false,"template":"","format":"standard","meta":{"_seopress_robots_primary_cat":"","_seopress_titles_title":"","_seopress_titles_desc":"","_seopress_robots_index":"","footnotes":""},"categories":[18],"tags":[37,4834,533,4835,1802,948],"class_list":["post-25987","post","type-post","status-publish","format-standard","has-post-thumbnail","hentry","category-futbol-internacional","tag-belgrano","tag-cifra-millonaria","tag-italia","tag-maurizio-zamparini","tag-mudo-vazquez","tag-palermo"],"_links":{"self":[{"href":"https:\/\/www.cordobatimes.com\/deportes\/wp-json\/wp\/v2\/posts\/25987","targetHints":{"allow":["GET"]}}],"collection":[{"href":"https:\/\/www.cordobatimes.com\/deportes\/wp-json\/wp\/v2\/posts"}],"about":[{"href":"https:\/\/www.cordobatimes.com\/deportes\/wp-json\/wp\/v2\/types\/post"}],"author":[{"embeddable":true,"href":"https:\/\/www.cordobatimes.com\/deportes\/wp-json\/wp\/v2\/users\/2"}],"replies":[{"embeddable":true,"href":"https:\/\/www.cordobatimes.com\/deportes\/wp-json\/wp\/v2\/comments?post=25987"}],"version-history":[{"count":0,"href":"https:\/\/www.cordobatimes.com\/deportes\/wp-json\/wp\/v2\/posts\/25987\/revisions"}],"wp:featuredmedia":[{"embeddable":true,"href":"https:\/\/www.cordobatimes.com\/deportes\/wp-json\/wp\/v2\/media\/25988"}],"wp:attachment":[{"href":"https:\/\/www.cordobatimes.com\/deportes\/wp-json\/wp\/v2\/media?parent=25987"}],"wp:term":[{"taxonomy":"category","embeddable":true,"href":"https:\/\/www.cordobatimes.com\/deportes\/wp-json\/wp\/v2\/categories?post=25987"},{"taxonomy":"post_tag","embeddable":true,"href":"https:\/\/www.cordobatimes.com\/deportes\/wp-json\/wp\/v2\/tags?post=25987"}],"curies":[{"name":"wp","href":"https:\/\/api.w.org\/{rel}","templated":true}]}}