{"id":25947,"date":"2015-01-06T20:03:42","date_gmt":"2015-01-06T23:03:42","guid":{"rendered":"http:\/\/www.cordobatimes.com\/deportes\/?p=25947"},"modified":"2015-01-06T20:03:42","modified_gmt":"2015-01-06T23:03:42","slug":"monaco-y-mayer-eliminados-en-doha","status":"publish","type":"post","link":"https:\/\/www.cordobatimes.com\/deportes\/tenis\/2015\/01\/06\/monaco-y-mayer-eliminados-en-doha\/","title":{"rendered":"M\u00f3naco y Mayer, eliminados en Doha"},"content":{"rendered":"<p style=\"text-align: center;\"><a href=\"http:\/\/www.cordobatimes.com\/deportes\/wp-content\/uploads\/2015\/01\/tenis.jpg\"><img loading=\"lazy\" decoding=\"async\" class=\"size-full wp-image-25948 aligncenter\" alt=\"tenis\" src=\"http:\/\/www.cordobatimes.com\/deportes\/wp-content\/uploads\/2015\/01\/tenis.jpg\" width=\"1000\" height=\"560\" data-id=\"25948\" srcset=\"https:\/\/www.cordobatimes.com\/deportes\/wp-content\/uploads\/2015\/01\/tenis.jpg 1000w, https:\/\/www.cordobatimes.com\/deportes\/wp-content\/uploads\/2015\/01\/tenis-300x168.jpg 300w\" sizes=\"auto, (max-width: 1000px) 100vw, 1000px\" \/><\/a><\/p>\n<h3 style=\"text-align: justify;\"><b>El correntino perdi\u00f3 con Seppi por 5-7, 7-6 y 7-6; en tanto, Pico cay\u00f3 con Kavic por 7-6 y 6-4.<\/b><\/h3>\n<p style=\"text-align: justify;\">\n<p style=\"text-align: justify;\">\n<p style=\"text-align: justify;\">El tenis argentino comenz\u00f3 con el pie izquierdo en el ATP 250 de Doha, Qatar. Tanto Leonardo Mayer (N\u00ba 28 del ranking mundial), como Juan M\u00f3naco (61\u00ba), fueron eliminados en la primera ronda.<\/p>\n<p style=\"text-align: justify;\">El \u201cYacar\u00e9\u201d sucumbi\u00f3 sorpresivamente ante el italiano Andreas Seppi (45\u00ba), en un duelo que si bien empez\u00f3 gan\u00e1ndolo, no lo pudo cerrar. Fue 5-7, 7-6 (4), y 7-6 (4).<\/p>\n<p style=\"text-align: justify;\">Por su parte, el tandilense estuvo lejos de su mejor nivel y perdi\u00f3 ante el esloveno Blaz Kavcic (99\u00ba) por 7-6 (3) y 6-4, en una hora y 53 minutos de juego. Pico contin\u00faa con su andar irregular, muy lejos del nivel que lo llevo a ser Top Ten.<\/p>\n<p style=\"text-align: justify;\">En tanto, la sorpresa del d\u00eda la protagonizo Rafael Nadal tras ser eliminado por el alem\u00e1n Michael Berrer (127\u00ba), por 1-6, 6-3 y 6-4.<\/p>\n","protected":false},"excerpt":{"rendered":"<p>El correntino perdi\u00f3 con Seppi por 5-7, 7-6 y 7-6; en tanto, Pico cay\u00f3 con Kavic por 7-6 y 6-4. El tenis argentino comenz\u00f3 con el pie izquierdo en el ATP 250 de Doha, Qatar. Tanto Leonardo Mayer (N\u00ba 28 del ranking mundial), como Juan M\u00f3naco (61\u00ba), fueron eliminados en la primera ronda. El \u201cYacar\u00e9\u201d [&hellip;]<\/p>\n","protected":false},"author":15,"featured_media":25948,"comment_status":"closed","ping_status":"closed","sticky":false,"template":"","format":"standard","meta":{"_seopress_robots_primary_cat":"","_seopress_titles_title":"","_seopress_titles_desc":"","_seopress_robots_index":"","footnotes":""},"categories":[4],"tags":[202,4457,1081,3353,5559],"class_list":["post-25947","post","type-post","status-publish","format-standard","has-post-thumbnail","hentry","category-tenis","tag-atp","tag-doha","tag-juan-monaco","tag-leonardo-mayer","tag-tenis"],"_links":{"self":[{"href":"https:\/\/www.cordobatimes.com\/deportes\/wp-json\/wp\/v2\/posts\/25947","targetHints":{"allow":["GET"]}}],"collection":[{"href":"https:\/\/www.cordobatimes.com\/deportes\/wp-json\/wp\/v2\/posts"}],"about":[{"href":"https:\/\/www.cordobatimes.com\/deportes\/wp-json\/wp\/v2\/types\/post"}],"author":[{"embeddable":true,"href":"https:\/\/www.cordobatimes.com\/deportes\/wp-json\/wp\/v2\/users\/15"}],"replies":[{"embeddable":true,"href":"https:\/\/www.cordobatimes.com\/deportes\/wp-json\/wp\/v2\/comments?post=25947"}],"version-history":[{"count":0,"href":"https:\/\/www.cordobatimes.com\/deportes\/wp-json\/wp\/v2\/posts\/25947\/revisions"}],"wp:featuredmedia":[{"embeddable":true,"href":"https:\/\/www.cordobatimes.com\/deportes\/wp-json\/wp\/v2\/media\/25948"}],"wp:attachment":[{"href":"https:\/\/www.cordobatimes.com\/deportes\/wp-json\/wp\/v2\/media?parent=25947"}],"wp:term":[{"taxonomy":"category","embeddable":true,"href":"https:\/\/www.cordobatimes.com\/deportes\/wp-json\/wp\/v2\/categories?post=25947"},{"taxonomy":"post_tag","embeddable":true,"href":"https:\/\/www.cordobatimes.com\/deportes\/wp-json\/wp\/v2\/tags?post=25947"}],"curies":[{"name":"wp","href":"https:\/\/api.w.org\/{rel}","templated":true}]}}