{"id":25944,"date":"2015-01-06T19:45:27","date_gmt":"2015-01-06T22:45:27","guid":{"rendered":"http:\/\/www.cordobatimes.com\/deportes\/?p=25944"},"modified":"2015-01-06T19:45:27","modified_gmt":"2015-01-06T22:45:27","slug":"instituto-comenzo-la-pretemporada-2","status":"publish","type":"post","link":"https:\/\/www.cordobatimes.com\/deportes\/futbol\/2015\/01\/06\/instituto-comenzo-la-pretemporada-2\/","title":{"rendered":"Instituto comenz\u00f3 la pretemporada"},"content":{"rendered":"<p style=\"text-align: center;\"><a href=\"http:\/\/www.cordobatimes.com\/deportes\/wp-content\/uploads\/2015\/01\/IACC.jpg\"><img loading=\"lazy\" decoding=\"async\" class=\"size-full wp-image-25945 aligncenter\" alt=\"IACC\" src=\"http:\/\/www.cordobatimes.com\/deportes\/wp-content\/uploads\/2015\/01\/IACC.jpg\" width=\"611\" height=\"377\" data-id=\"25945\" srcset=\"https:\/\/www.cordobatimes.com\/deportes\/wp-content\/uploads\/2015\/01\/IACC.jpg 611w, https:\/\/www.cordobatimes.com\/deportes\/wp-content\/uploads\/2015\/01\/IACC-300x185.jpg 300w\" sizes=\"auto, (max-width: 611px) 100vw, 611px\" \/><\/a><\/p>\n<h3 style=\"text-align: justify;\"><b>La Gloria comenz\u00f3 ayer la pretemporada de cara al pr\u00f3ximo Torneo de Primera B Nacional. \u00a0Ma\u00f1ana el plantel viajar\u00e1 hacia Buenos Aires.<\/b><\/h3>\n<h3 style=\"text-align: justify;\"><\/h3>\n<p style=\"text-align: justify;\">\n<p style=\"text-align: justify;\">Instituto retorn\u00f3 a los entrenamientos ayer pensando en lo que ser\u00e1 la siguiente temporada en la Primera B Nacional. As\u00ed, un total de 23 jugadores realizaron trabajos en el predio La Agustina, aunque hubo algunas ausencias notables. Luego de la pr\u00e1ctica, Carlos Mazzola confirm\u00f3 que las faltas fueron justificadas: Rodrigo Barucco por problemas personales, Jos\u00e9 Luis Garc\u00eda por un mal entendido, Gast\u00f3n Mach\u00edn por un problema familiar, y Abel Masuero y Leandro Sapetti hab\u00edan avisado.<\/p>\n<p style=\"text-align: justify;\">Justamente Garc\u00eda y Mach\u00edn confirmaron en las \u00faltimas horas su continuidad en la instituci\u00f3n de Alta C\u00f3rdoba. Desde Buenos Aires, el presidente, Ricardo Morellato, y el secretario, Tom\u00e1s Roque, arreglaron con los jugadores y estos se sumar\u00e1n a la pretemporada en el predio Bosques de Defensa donde el plantel trabajar\u00e1 hasta el 18 de enero.<\/p>\n<p style=\"text-align: justify;\">Quienes tampoco estuvieron fueron aquellos futbolistas declarados por la Comisi\u00f3n Directiva como prescindibles, con los cuales se busca llegar a un acuerdo para rescindirles el contrato. Estos son: Peralta, Rimoldi, Moreyra, Trejo y Maldonado.<\/p>\n<p style=\"text-align: justify;\">El plantel volvi\u00f3 a entrenarse esta ma\u00f1ana en doble turno matinal (8.30 y 10 AM); en tanto, ma\u00f1ana realizar\u00e1n trabajos por la ma\u00f1ana (8.30), y a la tarde a patir de las 18, para luego viajar hacia Buenos Aires donde realizar\u00e1n los trabajos f\u00edsicos pesados en el predio de Defensa y Justicia.<\/p>\n<p style=\"text-align: justify;\">Los 23 que trabajaron fueron:<\/p>\n<p style=\"text-align: justify;\">Arqueros: Braian Olivera, Adrian Dominguez, Christopher Maidana, Santiago Dominguez.<\/p>\n<p style=\"text-align: justify;\">Defensores: Nicolas Gastaldi, Emiliano Castro, Jonathan Gallardo, Walter Ferrero, Julian Illianes, Damian Schmidt, Manuel Ag\u00fcero.<\/p>\n<p style=\"text-align: justify;\">Mediocampistas: Ignacio Antonio, Christian Bernardi, Mateo Garc\u00eda, Juan Saharrea, Guido Mainero, Maximiliano Correa, Claudio Rodriguez y Emiliano Endrizzi.<\/p>\n<p style=\"text-align: justify;\">Delanteros: Pablo Soda, Gustavo Gotti, Luis Galesio, Facundo Castelli.<\/p>\n","protected":false},"excerpt":{"rendered":"<p>La Gloria comenz\u00f3 ayer la pretemporada de cara al pr\u00f3ximo Torneo de Primera B Nacional. \u00a0Ma\u00f1ana el plantel viajar\u00e1 hacia Buenos Aires. Instituto retorn\u00f3 a los entrenamientos ayer pensando en lo que ser\u00e1 la siguiente temporada en la Primera B Nacional. As\u00ed, un total de 23 jugadores realizaron trabajos en el predio La Agustina, aunque [&hellip;]<\/p>\n","protected":false},"author":15,"featured_media":25945,"comment_status":"closed","ping_status":"closed","sticky":false,"template":"","format":"standard","meta":{"_seopress_robots_primary_cat":"","_seopress_titles_title":"","_seopress_titles_desc":"","_seopress_robots_index":"","footnotes":""},"categories":[2,17],"tags":[34,35,1017],"class_list":["post-25944","post","type-post","status-publish","format-standard","has-post-thumbnail","hentry","category-futbol","category-nacional-b","tag-b-nacional","tag-instituto","tag-pretemporada"],"_links":{"self":[{"href":"https:\/\/www.cordobatimes.com\/deportes\/wp-json\/wp\/v2\/posts\/25944","targetHints":{"allow":["GET"]}}],"collection":[{"href":"https:\/\/www.cordobatimes.com\/deportes\/wp-json\/wp\/v2\/posts"}],"about":[{"href":"https:\/\/www.cordobatimes.com\/deportes\/wp-json\/wp\/v2\/types\/post"}],"author":[{"embeddable":true,"href":"https:\/\/www.cordobatimes.com\/deportes\/wp-json\/wp\/v2\/users\/15"}],"replies":[{"embeddable":true,"href":"https:\/\/www.cordobatimes.com\/deportes\/wp-json\/wp\/v2\/comments?post=25944"}],"version-history":[{"count":0,"href":"https:\/\/www.cordobatimes.com\/deportes\/wp-json\/wp\/v2\/posts\/25944\/revisions"}],"wp:featuredmedia":[{"embeddable":true,"href":"https:\/\/www.cordobatimes.com\/deportes\/wp-json\/wp\/v2\/media\/25945"}],"wp:attachment":[{"href":"https:\/\/www.cordobatimes.com\/deportes\/wp-json\/wp\/v2\/media?parent=25944"}],"wp:term":[{"taxonomy":"category","embeddable":true,"href":"https:\/\/www.cordobatimes.com\/deportes\/wp-json\/wp\/v2\/categories?post=25944"},{"taxonomy":"post_tag","embeddable":true,"href":"https:\/\/www.cordobatimes.com\/deportes\/wp-json\/wp\/v2\/tags?post=25944"}],"curies":[{"name":"wp","href":"https:\/\/api.w.org\/{rel}","templated":true}]}}