{"id":25941,"date":"2015-01-06T19:28:33","date_gmt":"2015-01-06T22:28:33","guid":{"rendered":"http:\/\/www.cordobatimes.com\/deportes\/?p=25941"},"modified":"2015-01-06T19:28:33","modified_gmt":"2015-01-06T22:28:33","slug":"se-confirmo-la-primera-muerte-en-el-dakar-2015","status":"publish","type":"post","link":"https:\/\/www.cordobatimes.com\/deportes\/automovilismo\/2015\/01\/06\/se-confirmo-la-primera-muerte-en-el-dakar-2015\/","title":{"rendered":"Se confirm\u00f3 la primera muerte en el Dakar 2015"},"content":{"rendered":"<p style=\"text-align: center;\"><a href=\"http:\/\/www.cordobatimes.com\/deportes\/wp-content\/uploads\/2015\/01\/Dakar1.jpg\"><img loading=\"lazy\" decoding=\"async\" class=\"size-full wp-image-25942 aligncenter\" alt=\"Dakar\" src=\"http:\/\/www.cordobatimes.com\/deportes\/wp-content\/uploads\/2015\/01\/Dakar1.jpg\" width=\"600\" height=\"395\" data-id=\"25942\" srcset=\"https:\/\/www.cordobatimes.com\/deportes\/wp-content\/uploads\/2015\/01\/Dakar1.jpg 600w, https:\/\/www.cordobatimes.com\/deportes\/wp-content\/uploads\/2015\/01\/Dakar1-300x197.jpg 300w\" sizes=\"auto, (max-width: 600px) 100vw, 600px\" \/><\/a><\/p>\n<h3 style=\"text-align: justify;\"><b>Se trata del piloto de motos Michael Hernik. Fue encontrado sin vida en el kil\u00f3metro 206 de la tercera etapa. Con este, ya son 63 los muertos en dicha competencia.<\/b><\/h3>\n<p style=\"text-align: justify;\">\n<p style=\"text-align: justify;\">\n<p style=\"text-align: justify;\">Nuevamente una tragedia vuelve a tocar las puertas del Rally Dakar. Hoy se confirm\u00f3 la muerte del motociclista polaco Michael Hernik (KTM), que se transform\u00f3 en el primer fallecido de la edici\u00f3n 2015. El piloto de 39 a\u00f1os muri\u00f3 en el tramo que une San Juan con Chilecito (La Rioja). Era su primera participaci\u00f3n en la competencia.<\/p>\n<p style=\"text-align: justify;\">Hernik fue hallado sin vida en el kil\u00f3metro 206 de la tercera etapa, a las 14:37 horas, por un helic\u00f3ptero de la organizaci\u00f3n a 300 metros de la pista de competencia. El polaco hab\u00eda corrido el rally de Marruecos 2013 y el de Abu Dabi en 2014. Hasta ayer, ocupaba la posici\u00f3n 84 en la clasificaci\u00f3n general.<\/p>\n<p style=\"text-align: justify;\">Con la muerte de Michael Hernik, el Dakar sum\u00f3 su v\u00edctima n\u00famero 63 en sus 36 a\u00f1os de historia. De ellos, 24 son pilotos y copilotos, y el resto espectadores, periodistas, asistentes y transe\u00fantes ajenos a la competencia. La primera v\u00edctima mortal fue el motociclista Patrick Dodin, quien perdi\u00f3 la vida en 1979 luego de salirse de la pista en Agad\u00e9s (N\u00edger).<\/p>\n<p style=\"text-align: justify;\">El piloto Jorge Mart\u00ednez Boero se convirti\u00f3 horas despu\u00e9s de la largada en 2012 en el primer corredor argentino fallecido en el Dakar. Otros argentinos fallecidos fueron: Alejandra Sonia Escudero, espectadora cordobesa en Alpa Corral (2010), y Marcelo Reales, un trabajador rural en Tinogasta, en 2011.<\/p>\n","protected":false},"excerpt":{"rendered":"<p>Se trata del piloto de motos Michael Hernik. Fue encontrado sin vida en el kil\u00f3metro 206 de la tercera etapa. Con este, ya son 63 los muertos en dicha competencia. Nuevamente una tragedia vuelve a tocar las puertas del Rally Dakar. Hoy se confirm\u00f3 la muerte del motociclista polaco Michael Hernik (KTM), que se transform\u00f3 [&hellip;]<\/p>\n","protected":false},"author":15,"featured_media":25942,"comment_status":"closed","ping_status":"closed","sticky":false,"template":"","format":"standard","meta":{"_seopress_robots_primary_cat":"","_seopress_titles_title":"","_seopress_titles_desc":"","_seopress_robots_index":"","footnotes":""},"categories":[1],"tags":[4825,4803],"class_list":["post-25941","post","type-post","status-publish","format-standard","has-post-thumbnail","hentry","category-automovilismo","tag-michael-hernik","tag-rally-dakar-2015"],"_links":{"self":[{"href":"https:\/\/www.cordobatimes.com\/deportes\/wp-json\/wp\/v2\/posts\/25941","targetHints":{"allow":["GET"]}}],"collection":[{"href":"https:\/\/www.cordobatimes.com\/deportes\/wp-json\/wp\/v2\/posts"}],"about":[{"href":"https:\/\/www.cordobatimes.com\/deportes\/wp-json\/wp\/v2\/types\/post"}],"author":[{"embeddable":true,"href":"https:\/\/www.cordobatimes.com\/deportes\/wp-json\/wp\/v2\/users\/15"}],"replies":[{"embeddable":true,"href":"https:\/\/www.cordobatimes.com\/deportes\/wp-json\/wp\/v2\/comments?post=25941"}],"version-history":[{"count":0,"href":"https:\/\/www.cordobatimes.com\/deportes\/wp-json\/wp\/v2\/posts\/25941\/revisions"}],"wp:featuredmedia":[{"embeddable":true,"href":"https:\/\/www.cordobatimes.com\/deportes\/wp-json\/wp\/v2\/media\/25942"}],"wp:attachment":[{"href":"https:\/\/www.cordobatimes.com\/deportes\/wp-json\/wp\/v2\/media?parent=25941"}],"wp:term":[{"taxonomy":"category","embeddable":true,"href":"https:\/\/www.cordobatimes.com\/deportes\/wp-json\/wp\/v2\/categories?post=25941"},{"taxonomy":"post_tag","embeddable":true,"href":"https:\/\/www.cordobatimes.com\/deportes\/wp-json\/wp\/v2\/tags?post=25941"}],"curies":[{"name":"wp","href":"https:\/\/api.w.org\/{rel}","templated":true}]}}