{"id":25938,"date":"2015-01-06T11:25:04","date_gmt":"2015-01-06T14:25:04","guid":{"rendered":"http:\/\/www.cordobatimes.com\/deportes\/?p=25938"},"modified":"2015-01-06T11:25:04","modified_gmt":"2015-01-06T14:25:04","slug":"maradona-eligio-su-candidato-para-el-balon-de-oro","status":"publish","type":"post","link":"https:\/\/www.cordobatimes.com\/deportes\/futbol\/2015\/01\/06\/maradona-eligio-su-candidato-para-el-balon-de-oro\/","title":{"rendered":"Maradona eligi\u00f3 su candidato para el Bal\u00f3n de Oro"},"content":{"rendered":"<h3><strong><a href=\"http:\/\/www.cordobatimes.com\/deportes\/wp-content\/uploads\/2014\/10\/Maradona.jpg\"><img loading=\"lazy\" decoding=\"async\" class=\"size-full wp-image-23079 aligncenter\" alt=\"Maradona\" src=\"http:\/\/www.cordobatimes.com\/deportes\/wp-content\/uploads\/2014\/10\/Maradona.jpg\" width=\"758\" height=\"530\" data-id=\"23079\" srcset=\"https:\/\/www.cordobatimes.com\/deportes\/wp-content\/uploads\/2014\/10\/Maradona.jpg 758w, https:\/\/www.cordobatimes.com\/deportes\/wp-content\/uploads\/2014\/10\/Maradona-300x209.jpg 300w\" sizes=\"auto, (max-width: 758px) 100vw, 758px\" \/><\/a><\/strong><\/h3>\n<h3 style=\"text-align: justify;\"><strong>El ex futbolista, actualmente en La Habana para realizar el programa &#8220;De zurda&#8221;, realiz\u00f3 su pron\u00f3stico para el premio que se entregar\u00e1 en Zurich el pr\u00f3ximo 12 de enero.\u00a0<\/strong><\/h3>\n<p style=\"text-align: justify;\">\n<p style=\"text-align: justify;\">Para Diego, quien merece llevarse el galard\u00f3n es el arquero alem\u00e1n Manuel Neuer. Seg\u00fan el 10, el golero, campe\u00f3n del mundo con Alemania y multicampe\u00f3n con el Bayern Munich &#8220;hizo m\u00e1s meritos&#8221; que los otros dos postulantes.<\/p>\n<p style=\"text-align: justify;\">&#8220;Ni Messi ni Ronaldo, mi candidato es Neuer que hizo m\u00e1s m\u00e9ritos. Ronaldo y Messi creo que se tomaron un descanso&#8221;, declar\u00f3 ante los medios al llegar a la capital cubana.<\/p>\n<p style=\"text-align: justify;\">La ceremonia de premiaci\u00f3n se llevar\u00e1 a cabo en seis d\u00edas, en la ciudad de Zurich. All\u00ed se conocer\u00e1, adem\u00e1s del ganador al Bal\u00f3n de Oro, los destacados de todo el mundo f\u00fatbol a lo largo del planeta.<\/p>\n","protected":false},"excerpt":{"rendered":"<p>El ex futbolista, actualmente en La Habana para realizar el programa &#8220;De zurda&#8221;, realiz\u00f3 su pron\u00f3stico para el premio que se entregar\u00e1 en Zurich el pr\u00f3ximo 12 de enero.\u00a0 Para Diego, quien merece llevarse el galard\u00f3n es el arquero alem\u00e1n Manuel Neuer. Seg\u00fan el 10, el golero, campe\u00f3n del mundo con Alemania y multicampe\u00f3n con [&hellip;]<\/p>\n","protected":false},"author":2,"featured_media":23079,"comment_status":"closed","ping_status":"closed","sticky":false,"template":"","format":"standard","meta":{"_seopress_robots_primary_cat":"","_seopress_titles_title":"","_seopress_titles_desc":"","_seopress_robots_index":"","footnotes":""},"categories":[2],"tags":[4822,4823,372,88,3514,927,4824],"class_list":["post-25938","post","type-post","status-publish","format-standard","has-post-thumbnail","hentry","category-futbol","tag-cuba","tag-la-habana","tag-maradona","tag-messi","tag-neuer","tag-ronaldo","tag-su-candidato-al-balon-de-oro"],"_links":{"self":[{"href":"https:\/\/www.cordobatimes.com\/deportes\/wp-json\/wp\/v2\/posts\/25938","targetHints":{"allow":["GET"]}}],"collection":[{"href":"https:\/\/www.cordobatimes.com\/deportes\/wp-json\/wp\/v2\/posts"}],"about":[{"href":"https:\/\/www.cordobatimes.com\/deportes\/wp-json\/wp\/v2\/types\/post"}],"author":[{"embeddable":true,"href":"https:\/\/www.cordobatimes.com\/deportes\/wp-json\/wp\/v2\/users\/2"}],"replies":[{"embeddable":true,"href":"https:\/\/www.cordobatimes.com\/deportes\/wp-json\/wp\/v2\/comments?post=25938"}],"version-history":[{"count":0,"href":"https:\/\/www.cordobatimes.com\/deportes\/wp-json\/wp\/v2\/posts\/25938\/revisions"}],"wp:featuredmedia":[{"embeddable":true,"href":"https:\/\/www.cordobatimes.com\/deportes\/wp-json\/wp\/v2\/media\/23079"}],"wp:attachment":[{"href":"https:\/\/www.cordobatimes.com\/deportes\/wp-json\/wp\/v2\/media?parent=25938"}],"wp:term":[{"taxonomy":"category","embeddable":true,"href":"https:\/\/www.cordobatimes.com\/deportes\/wp-json\/wp\/v2\/categories?post=25938"},{"taxonomy":"post_tag","embeddable":true,"href":"https:\/\/www.cordobatimes.com\/deportes\/wp-json\/wp\/v2\/tags?post=25938"}],"curies":[{"name":"wp","href":"https:\/\/api.w.org\/{rel}","templated":true}]}}