{"id":25928,"date":"2015-01-06T11:03:22","date_gmt":"2015-01-06T14:03:22","guid":{"rendered":"http:\/\/www.cordobatimes.com\/deportes\/?p=25928"},"modified":"2015-01-06T11:03:22","modified_gmt":"2015-01-06T14:03:22","slug":"boca-presento-su-camiseta-alternativa","status":"publish","type":"post","link":"https:\/\/www.cordobatimes.com\/deportes\/futbol\/2015\/01\/06\/boca-presento-su-camiseta-alternativa\/","title":{"rendered":"Boca present\u00f3 su camiseta alternativa"},"content":{"rendered":"<h3><strong><a href=\"http:\/\/www.cordobatimes.com\/deportes\/wp-content\/uploads\/2014\/11\/Boca.jpg\"><img loading=\"lazy\" decoding=\"async\" class=\"size-full wp-image-23937 aligncenter\" alt=\"Boca\" src=\"http:\/\/www.cordobatimes.com\/deportes\/wp-content\/uploads\/2014\/11\/Boca.jpg\" width=\"641\" height=\"360\" data-id=\"23937\" srcset=\"https:\/\/www.cordobatimes.com\/deportes\/wp-content\/uploads\/2014\/11\/Boca.jpg 641w, https:\/\/www.cordobatimes.com\/deportes\/wp-content\/uploads\/2014\/11\/Boca-300x168.jpg 300w\" sizes=\"auto, (max-width: 641px) 100vw, 641px\" \/><\/a><\/strong><\/h3>\n<h3><strong>La dirigencia Xeneize dio a conocer la nueva indumentaria que el equipo utilizar\u00e1 en los torneos de verano. Es toda amarilla y el cuello con botones. FOTO.<\/strong><\/h3>\n<p>&nbsp;<\/p>\n<p>El valor para los fan\u00e1ticos, que seguramente se asustar\u00e1n un poco con el costo, es de $969 y puede adquirirse en las tiendas oficiales del club, as\u00ed como tambi\u00e9n en casas deportivas asociadas a la instituci\u00f3n de la Ribera.<\/p>\n<p>Esta ser\u00e1 la tercera camiseta que los de Arruabarrena podr\u00edan llegar a usar, sobre todo en los encuentros de los campeonatos estivales:<\/p>\n<p style=\"text-align: center;\"><a href=\"http:\/\/www.cordobatimes.com\/deportes\/wp-content\/uploads\/2015\/01\/Camiseta-Boca.jpg\"><img loading=\"lazy\" decoding=\"async\" class=\"size-full wp-image-25931 aligncenter\" alt=\"Camiseta Boca\" src=\"http:\/\/www.cordobatimes.com\/deportes\/wp-content\/uploads\/2015\/01\/Camiseta-Boca.jpg\" width=\"1000\" height=\"560\" data-id=\"25931\" srcset=\"https:\/\/www.cordobatimes.com\/deportes\/wp-content\/uploads\/2015\/01\/Camiseta-Boca.jpg 1000w, https:\/\/www.cordobatimes.com\/deportes\/wp-content\/uploads\/2015\/01\/Camiseta-Boca-300x168.jpg 300w\" sizes=\"auto, (max-width: 1000px) 100vw, 1000px\" \/><\/a><\/p>\n<p style=\"text-align: center;\">\n<p style=\"text-align: center;\"><a href=\"http:\/\/www.cordobatimes.com\/deportes\/wp-content\/uploads\/2015\/01\/Camiseta-Boca-2.jpg\"><img loading=\"lazy\" decoding=\"async\" class=\"size-full wp-image-25930 aligncenter\" alt=\"Camiseta Boca 2\" src=\"http:\/\/www.cordobatimes.com\/deportes\/wp-content\/uploads\/2015\/01\/Camiseta-Boca-2.jpg\" width=\"1000\" height=\"560\" data-id=\"25930\" srcset=\"https:\/\/www.cordobatimes.com\/deportes\/wp-content\/uploads\/2015\/01\/Camiseta-Boca-2.jpg 1000w, https:\/\/www.cordobatimes.com\/deportes\/wp-content\/uploads\/2015\/01\/Camiseta-Boca-2-300x168.jpg 300w\" sizes=\"auto, (max-width: 1000px) 100vw, 1000px\" \/><\/a><\/p>\n","protected":false},"excerpt":{"rendered":"<p>La dirigencia Xeneize dio a conocer la nueva indumentaria que el equipo utilizar\u00e1 en los torneos de verano. Es toda amarilla y el cuello con botones. FOTO. &nbsp; El valor para los fan\u00e1ticos, que seguramente se asustar\u00e1n un poco con el costo, es de $969 y puede adquirirse en las tiendas oficiales del club, as\u00ed [&hellip;]<\/p>\n","protected":false},"author":2,"featured_media":23937,"comment_status":"closed","ping_status":"closed","sticky":false,"template":"","format":"standard","meta":{"_seopress_robots_primary_cat":"","_seopress_titles_title":"","_seopress_titles_desc":"","_seopress_robots_index":"","footnotes":""},"categories":[2,16],"tags":[33,52,650,3489,883],"class_list":["post-25928","post","type-post","status-publish","format-standard","has-post-thumbnail","hentry","category-futbol","category-primera-division","tag-afa","tag-boca","tag-boca-juniors","tag-camiseta-alternativa","tag-foto"],"_links":{"self":[{"href":"https:\/\/www.cordobatimes.com\/deportes\/wp-json\/wp\/v2\/posts\/25928","targetHints":{"allow":["GET"]}}],"collection":[{"href":"https:\/\/www.cordobatimes.com\/deportes\/wp-json\/wp\/v2\/posts"}],"about":[{"href":"https:\/\/www.cordobatimes.com\/deportes\/wp-json\/wp\/v2\/types\/post"}],"author":[{"embeddable":true,"href":"https:\/\/www.cordobatimes.com\/deportes\/wp-json\/wp\/v2\/users\/2"}],"replies":[{"embeddable":true,"href":"https:\/\/www.cordobatimes.com\/deportes\/wp-json\/wp\/v2\/comments?post=25928"}],"version-history":[{"count":0,"href":"https:\/\/www.cordobatimes.com\/deportes\/wp-json\/wp\/v2\/posts\/25928\/revisions"}],"wp:featuredmedia":[{"embeddable":true,"href":"https:\/\/www.cordobatimes.com\/deportes\/wp-json\/wp\/v2\/media\/23937"}],"wp:attachment":[{"href":"https:\/\/www.cordobatimes.com\/deportes\/wp-json\/wp\/v2\/media?parent=25928"}],"wp:term":[{"taxonomy":"category","embeddable":true,"href":"https:\/\/www.cordobatimes.com\/deportes\/wp-json\/wp\/v2\/categories?post=25928"},{"taxonomy":"post_tag","embeddable":true,"href":"https:\/\/www.cordobatimes.com\/deportes\/wp-json\/wp\/v2\/tags?post=25928"}],"curies":[{"name":"wp","href":"https:\/\/api.w.org\/{rel}","templated":true}]}}