{"id":25923,"date":"2015-01-06T10:44:19","date_gmt":"2015-01-06T13:44:19","guid":{"rendered":"http:\/\/www.cordobatimes.com\/deportes\/?p=25923"},"modified":"2015-01-07T11:22:11","modified_gmt":"2015-01-07T14:22:11","slug":"roma-gano-con-un-gol-polemico-y-alcanzo-a-juventus","status":"publish","type":"post","link":"https:\/\/www.cordobatimes.com\/deportes\/futbol-internacional\/2015\/01\/06\/roma-gano-con-un-gol-polemico-y-alcanzo-a-juventus\/","title":{"rendered":"Roma gan\u00f3 con un gol pol\u00e9mico"},"content":{"rendered":"<h3><strong><a href=\"http:\/\/www.cordobatimes.com\/deportes\/wp-content\/uploads\/2015\/01\/Astori.jpg\"><img loading=\"lazy\" decoding=\"async\" class=\"size-full wp-image-25924 aligncenter\" alt=\"Astori\" src=\"http:\/\/www.cordobatimes.com\/deportes\/wp-content\/uploads\/2015\/01\/Astori.jpg\" width=\"670\" height=\"377\" data-id=\"25924\" srcset=\"https:\/\/www.cordobatimes.com\/deportes\/wp-content\/uploads\/2015\/01\/Astori.jpg 670w, https:\/\/www.cordobatimes.com\/deportes\/wp-content\/uploads\/2015\/01\/Astori-300x168.jpg 300w\" sizes=\"auto, (max-width: 670px) 100vw, 670px\" \/><\/a><\/strong><\/h3>\n<h3 style=\"text-align: justify;\"><strong>Astori, cuando se jugaban 16` de la primera etapa, cabece\u00f3 en ataque y la pelota pareci\u00f3 haber ingresado, pese a que dej\u00f3 muchas dudas. De esa forma, los de la capital italiana vencieron 1-0 a Udinese, trep\u00e1ndose a la punta.<\/strong><\/h3>\n<p style=\"text-align: justify;\">\n<p style=\"text-align: justify;\">Tras el parate por las fiestas, el Calcio volvi\u00f3 a disputarse con muchos encuentros. Uno de ellos se llev\u00f3 a cabo en Friulli, donde el local Udinese no pudo hacerse fuerte y cedi\u00f3 el triunfo a la Roma.<\/p>\n<p style=\"text-align: justify;\">Los capitalinos, que tuvieron a Juan Iturbe como titular y Leandro Paredes en el banco, lograron la victoria gracias al gol de Davide Astori, apenas pasado el cuarto de hora. El defensor impact\u00f3 de cabeza y su remate pareci\u00f3 cruzar la l\u00ednea, pero despert\u00f3 la furia de los due\u00f1os de casa.<\/p>\n<p style=\"text-align: justify;\">As\u00ed, los de Rudy Garc\u00eda llegaron a la punta junto a Juventus, que m\u00e1s tarde enfrentar\u00e1 al Inter.<\/p>\n<p style=\"text-align: justify;\">El gol:<\/p>\n<p>\u00a0<iframe loading=\"lazy\" src=\"\/\/www.youtube.com\/embed\/A8ZD71weaXE\" height=\"315\" width=\"560\" allowfullscreen=\"\" frameborder=\"0\"><\/iframe><\/p>\n","protected":false},"excerpt":{"rendered":"<p>Astori, cuando se jugaban 16` de la primera etapa, cabece\u00f3 en ataque y la pelota pareci\u00f3 haber ingresado, pese a que dej\u00f3 muchas dudas. De esa forma, los de la capital italiana vencieron 1-0 a Udinese, trep\u00e1ndose a la punta. Tras el parate por las fiestas, el Calcio volvi\u00f3 a disputarse con muchos encuentros. Uno [&hellip;]<\/p>\n","protected":false},"author":2,"featured_media":25924,"comment_status":"closed","ping_status":"closed","sticky":false,"template":"","format":"standard","meta":{"_seopress_robots_primary_cat":"","_seopress_titles_title":"","_seopress_titles_desc":"","_seopress_robots_index":"","footnotes":""},"categories":[18],"tags":[75,4820,533,192,336,1606,80],"class_list":["post-25923","post","type-post","status-publish","format-standard","has-post-thumbnail","hentry","category-futbol-internacional","tag-calcio","tag-gol-polemico","tag-italia","tag-juventus","tag-roma","tag-serie-a","tag-video"],"_links":{"self":[{"href":"https:\/\/www.cordobatimes.com\/deportes\/wp-json\/wp\/v2\/posts\/25923","targetHints":{"allow":["GET"]}}],"collection":[{"href":"https:\/\/www.cordobatimes.com\/deportes\/wp-json\/wp\/v2\/posts"}],"about":[{"href":"https:\/\/www.cordobatimes.com\/deportes\/wp-json\/wp\/v2\/types\/post"}],"author":[{"embeddable":true,"href":"https:\/\/www.cordobatimes.com\/deportes\/wp-json\/wp\/v2\/users\/2"}],"replies":[{"embeddable":true,"href":"https:\/\/www.cordobatimes.com\/deportes\/wp-json\/wp\/v2\/comments?post=25923"}],"version-history":[{"count":0,"href":"https:\/\/www.cordobatimes.com\/deportes\/wp-json\/wp\/v2\/posts\/25923\/revisions"}],"wp:featuredmedia":[{"embeddable":true,"href":"https:\/\/www.cordobatimes.com\/deportes\/wp-json\/wp\/v2\/media\/25924"}],"wp:attachment":[{"href":"https:\/\/www.cordobatimes.com\/deportes\/wp-json\/wp\/v2\/media?parent=25923"}],"wp:term":[{"taxonomy":"category","embeddable":true,"href":"https:\/\/www.cordobatimes.com\/deportes\/wp-json\/wp\/v2\/categories?post=25923"},{"taxonomy":"post_tag","embeddable":true,"href":"https:\/\/www.cordobatimes.com\/deportes\/wp-json\/wp\/v2\/tags?post=25923"}],"curies":[{"name":"wp","href":"https:\/\/api.w.org\/{rel}","templated":true}]}}