{"id":25912,"date":"2015-01-05T11:16:29","date_gmt":"2015-01-05T14:16:29","guid":{"rendered":"http:\/\/www.cordobatimes.com\/deportes\/?p=25912"},"modified":"2015-01-05T11:19:35","modified_gmt":"2015-01-05T14:19:35","slug":"lavezzi-y-cavani-fueron-sancionados-en-psg","status":"publish","type":"post","link":"https:\/\/www.cordobatimes.com\/deportes\/futbol-internacional\/2015\/01\/05\/lavezzi-y-cavani-fueron-sancionados-en-psg\/","title":{"rendered":"Lavezzi y Cavani, sancionados en PSG"},"content":{"rendered":"<h3><strong><a href=\"http:\/\/www.cordobatimes.com\/deportes\/wp-content\/uploads\/2015\/01\/PSG-Lavezzi-y-Cavani1.jpg\"><img loading=\"lazy\" decoding=\"async\" class=\"size-full wp-image-25914 aligncenter\" alt=\"\" src=\"http:\/\/www.cordobatimes.com\/deportes\/wp-content\/uploads\/2015\/01\/PSG-Lavezzi-y-Cavani1.jpg\" width=\"768\" height=\"551\" data-id=\"25914\" srcset=\"https:\/\/www.cordobatimes.com\/deportes\/wp-content\/uploads\/2015\/01\/PSG-Lavezzi-y-Cavani1.jpg 768w, https:\/\/www.cordobatimes.com\/deportes\/wp-content\/uploads\/2015\/01\/PSG-Lavezzi-y-Cavani1-300x215.jpg 300w\" sizes=\"auto, (max-width: 768px) 100vw, 768px\" \/><\/a><\/strong><\/h3>\n<h3><strong>Ambos llegaron cuatro d\u00edas tarde a la concentraci\u00f3n del conjunto parisino. Recibir\u00e1n multa econ\u00f3mica y deportiva. Por lo pronto, entrenar\u00e1n una semana separados del plantel profesional.<\/strong><\/h3>\n<p>&nbsp;<\/p>\n<p>El entrenador, Laurent Blanc, explic\u00f3 en conferencia de prensa que Cavani y Lavezzi &#8220;se entrenar\u00e1n separados del grupo hasta el s\u00e1bado y no participar\u00e1n en los dos pr\u00f3ximos partidos&#8221; por haberse incorporado a la concentraci\u00f3n cuatro d\u00edas m\u00e1s tarde que el resto sus compa\u00f1eros para -seg\u00fan la versi\u00f3n de los interesados- estar m\u00e1s tiempo con sus hijos en Uruguay y Argentina, respectivamente.<\/p>\n<p>&#8220;Es inadmisible e inaceptable. Cuando se pone el proyecto personal por delante del colectivo, se pone en peligro al colectivo&#8221;, declar\u00f3 el Director T\u00e9cnico franc\u00e9s ante los medios.<\/p>\n<p>Lavezzi y Cavani se reunieron con Blanc y el director deportivo, \u00a0Olivier Letang, a su regreso, pero sus explicaciones no fueron convincentes para el club. &#8220;Evaluaremos la situaci\u00f3n al final de la semana y luego decidiremos si pueden volver al grupo&#8221;, a\u00f1adi\u00f3 ofuscado el DT.<\/p>\n","protected":false},"excerpt":{"rendered":"<p>Ambos llegaron cuatro d\u00edas tarde a la concentraci\u00f3n del conjunto parisino. Recibir\u00e1n multa econ\u00f3mica y deportiva. Por lo pronto, entrenar\u00e1n una semana separados del plantel profesional. &nbsp; El entrenador, Laurent Blanc, explic\u00f3 en conferencia de prensa que Cavani y Lavezzi &#8220;se entrenar\u00e1n separados del grupo hasta el s\u00e1bado y no participar\u00e1n en los dos pr\u00f3ximos [&hellip;]<\/p>\n","protected":false},"author":2,"featured_media":25914,"comment_status":"closed","ping_status":"closed","sticky":false,"template":"","format":"standard","meta":{"_seopress_robots_primary_cat":"","_seopress_titles_title":"","_seopress_titles_desc":"","_seopress_robots_index":"","footnotes":""},"categories":[18],"tags":[26,4818,1900,1155,3357,316],"class_list":["post-25912","post","type-post","status-publish","format-standard","has-post-thumbnail","hentry","category-futbol-internacional","tag-argentina","tag-cavani","tag-lavezzi","tag-psg","tag-sancion","tag-uruguay"],"_links":{"self":[{"href":"https:\/\/www.cordobatimes.com\/deportes\/wp-json\/wp\/v2\/posts\/25912","targetHints":{"allow":["GET"]}}],"collection":[{"href":"https:\/\/www.cordobatimes.com\/deportes\/wp-json\/wp\/v2\/posts"}],"about":[{"href":"https:\/\/www.cordobatimes.com\/deportes\/wp-json\/wp\/v2\/types\/post"}],"author":[{"embeddable":true,"href":"https:\/\/www.cordobatimes.com\/deportes\/wp-json\/wp\/v2\/users\/2"}],"replies":[{"embeddable":true,"href":"https:\/\/www.cordobatimes.com\/deportes\/wp-json\/wp\/v2\/comments?post=25912"}],"version-history":[{"count":0,"href":"https:\/\/www.cordobatimes.com\/deportes\/wp-json\/wp\/v2\/posts\/25912\/revisions"}],"wp:featuredmedia":[{"embeddable":true,"href":"https:\/\/www.cordobatimes.com\/deportes\/wp-json\/wp\/v2\/media\/25914"}],"wp:attachment":[{"href":"https:\/\/www.cordobatimes.com\/deportes\/wp-json\/wp\/v2\/media?parent=25912"}],"wp:term":[{"taxonomy":"category","embeddable":true,"href":"https:\/\/www.cordobatimes.com\/deportes\/wp-json\/wp\/v2\/categories?post=25912"},{"taxonomy":"post_tag","embeddable":true,"href":"https:\/\/www.cordobatimes.com\/deportes\/wp-json\/wp\/v2\/tags?post=25912"}],"curies":[{"name":"wp","href":"https:\/\/api.w.org\/{rel}","templated":true}]}}