{"id":25872,"date":"2015-01-04T12:45:51","date_gmt":"2015-01-04T15:45:51","guid":{"rendered":"http:\/\/www.cordobatimes.com\/deportes\/?p=25872"},"modified":"2015-01-04T12:46:30","modified_gmt":"2015-01-04T15:46:30","slug":"presentaron-la-pelota-de-la-final-de-champions","status":"publish","type":"post","link":"https:\/\/www.cordobatimes.com\/deportes\/futbol-internacional\/2015\/01\/04\/presentaron-la-pelota-de-la-final-de-champions\/","title":{"rendered":"Presentaron la pelota de la final de Champions"},"content":{"rendered":"<h3><strong><a href=\"http:\/\/www.cordobatimes.com\/deportes\/wp-content\/uploads\/2015\/01\/Pelota.jpg\"><img loading=\"lazy\" decoding=\"async\" class=\"size-large wp-image-25873 aligncenter\" alt=\"Pelota\" src=\"http:\/\/www.cordobatimes.com\/deportes\/wp-content\/uploads\/2015\/01\/Pelota-1024x640.jpg\" width=\"1024\" height=\"640\" data-id=\"25873\" srcset=\"https:\/\/www.cordobatimes.com\/deportes\/wp-content\/uploads\/2015\/01\/Pelota-1024x640.jpg 1024w, https:\/\/www.cordobatimes.com\/deportes\/wp-content\/uploads\/2015\/01\/Pelota-300x187.jpg 300w\" sizes=\"auto, (max-width: 1024px) 100vw, 1024px\" \/><\/a><\/strong><\/h3>\n<h3><strong>El 6 de junio de este a\u00f1o, en el Estadio Ol\u00edmpico de Berl\u00edn, se llevar\u00e1 a cabo el duelo decisivo de la competencia m\u00e1s importante a nivel clubes. Pese a que falta mucho tiempo por delante, UEFA oficializ\u00f3 como ser\u00e1 el bal\u00f3n.<\/strong><\/h3>\n<p>&nbsp;<\/p>\n<p>Adidas,\u00a0la empresa patrocinadora del certamen, eligi\u00f3 un monumento de esa ciudad alemana para graficarlo en los gajos. La &#8220;Puerta de Brandenburgo&#8221;, un s\u00edmbolo local y del pa\u00eds entero, aparece en una de las coloridas estrellas que acompa\u00f1an el blanco que cuenta con el dibujo del trofeo y tambi\u00e9n las famosas tres tiras.<\/p>\n<p>As\u00ed ser\u00e1:<\/p>\n<p style=\"text-align: center;\"><a href=\"http:\/\/www.cordobatimes.com\/deportes\/wp-content\/uploads\/2015\/01\/Final-Champions-Pelota.jpg\"><img loading=\"lazy\" decoding=\"async\" class=\"size-full wp-image-25874 aligncenter\" alt=\"Final Champions Pelota\" src=\"http:\/\/www.cordobatimes.com\/deportes\/wp-content\/uploads\/2015\/01\/Final-Champions-Pelota.jpg\" width=\"480\" height=\"480\" data-id=\"25874\" srcset=\"https:\/\/www.cordobatimes.com\/deportes\/wp-content\/uploads\/2015\/01\/Final-Champions-Pelota.jpg 480w, https:\/\/www.cordobatimes.com\/deportes\/wp-content\/uploads\/2015\/01\/Final-Champions-Pelota-300x300.jpg 300w, https:\/\/www.cordobatimes.com\/deportes\/wp-content\/uploads\/2015\/01\/Final-Champions-Pelota-270x270.jpg 270w, https:\/\/www.cordobatimes.com\/deportes\/wp-content\/uploads\/2015\/01\/Final-Champions-Pelota-207x207.jpg 207w, https:\/\/www.cordobatimes.com\/deportes\/wp-content\/uploads\/2015\/01\/Final-Champions-Pelota-75x75.jpg 75w\" sizes=\"auto, (max-width: 480px) 100vw, 480px\" \/><\/a><\/p>\n","protected":false},"excerpt":{"rendered":"<p>El 6 de junio de este a\u00f1o, en el Estadio Ol\u00edmpico de Berl\u00edn, se llevar\u00e1 a cabo el duelo decisivo de la competencia m\u00e1s importante a nivel clubes. Pese a que falta mucho tiempo por delante, UEFA oficializ\u00f3 como ser\u00e1 el bal\u00f3n. &nbsp; Adidas,\u00a0la empresa patrocinadora del certamen, eligi\u00f3 un monumento de esa ciudad alemana [&hellip;]<\/p>\n","protected":false},"author":2,"featured_media":25873,"comment_status":"closed","ping_status":"closed","sticky":false,"template":"","format":"standard","meta":{"_seopress_robots_primary_cat":"","_seopress_titles_title":"","_seopress_titles_desc":"","_seopress_robots_index":"","footnotes":""},"categories":[18],"tags":[4812,4811,4810,111],"class_list":["post-25872","post","type-post","status-publish","format-standard","has-post-thumbnail","hentry","category-futbol-internacional","tag-berlin","tag-final-champions-league-2015","tag-pelota","tag-uefa"],"_links":{"self":[{"href":"https:\/\/www.cordobatimes.com\/deportes\/wp-json\/wp\/v2\/posts\/25872","targetHints":{"allow":["GET"]}}],"collection":[{"href":"https:\/\/www.cordobatimes.com\/deportes\/wp-json\/wp\/v2\/posts"}],"about":[{"href":"https:\/\/www.cordobatimes.com\/deportes\/wp-json\/wp\/v2\/types\/post"}],"author":[{"embeddable":true,"href":"https:\/\/www.cordobatimes.com\/deportes\/wp-json\/wp\/v2\/users\/2"}],"replies":[{"embeddable":true,"href":"https:\/\/www.cordobatimes.com\/deportes\/wp-json\/wp\/v2\/comments?post=25872"}],"version-history":[{"count":0,"href":"https:\/\/www.cordobatimes.com\/deportes\/wp-json\/wp\/v2\/posts\/25872\/revisions"}],"wp:featuredmedia":[{"embeddable":true,"href":"https:\/\/www.cordobatimes.com\/deportes\/wp-json\/wp\/v2\/media\/25873"}],"wp:attachment":[{"href":"https:\/\/www.cordobatimes.com\/deportes\/wp-json\/wp\/v2\/media?parent=25872"}],"wp:term":[{"taxonomy":"category","embeddable":true,"href":"https:\/\/www.cordobatimes.com\/deportes\/wp-json\/wp\/v2\/categories?post=25872"},{"taxonomy":"post_tag","embeddable":true,"href":"https:\/\/www.cordobatimes.com\/deportes\/wp-json\/wp\/v2\/tags?post=25872"}],"curies":[{"name":"wp","href":"https:\/\/api.w.org\/{rel}","templated":true}]}}