{"id":25831,"date":"2015-01-03T11:47:49","date_gmt":"2015-01-03T14:47:49","guid":{"rendered":"http:\/\/www.cordobatimes.com\/deportes\/?p=25831"},"modified":"2015-01-03T11:47:49","modified_gmt":"2015-01-03T14:47:49","slug":"jugadores-de-atenas-estuvieron-en-carlos-paz","status":"publish","type":"post","link":"https:\/\/www.cordobatimes.com\/deportes\/basquet\/2015\/01\/03\/jugadores-de-atenas-estuvieron-en-carlos-paz\/","title":{"rendered":"Jugadores de Atenas estuvieron en Carlos Paz"},"content":{"rendered":"<h3><strong><a href=\"http:\/\/www.cordobatimes.com\/deportes\/wp-content\/uploads\/2015\/01\/Atenas1.jpg\"><img loading=\"lazy\" decoding=\"async\" class=\"size-full wp-image-25833 aligncenter\" alt=\"Atenas\" src=\"http:\/\/www.cordobatimes.com\/deportes\/wp-content\/uploads\/2015\/01\/Atenas1.jpg\" width=\"960\" height=\"720\" data-id=\"25833\" srcset=\"https:\/\/www.cordobatimes.com\/deportes\/wp-content\/uploads\/2015\/01\/Atenas1.jpg 960w, https:\/\/www.cordobatimes.com\/deportes\/wp-content\/uploads\/2015\/01\/Atenas1-300x225.jpg 300w\" sizes=\"auto, (max-width: 960px) 100vw, 960px\" \/><\/a><\/strong><\/h3>\n<h3><strong>Mat\u00edas Bortol\u00edn, Juan Manuel Torres y Luciano Gonz\u00e1lez, acompa\u00f1ados por el jefe de equipo Ricardo Borsini, se hicieron presentes en la ciudad serrana promocionando los partidos que disputar\u00e1 el Griego este mes en condici\u00f3n de local.<\/strong><\/h3>\n<p>&nbsp;<\/p>\n<p>Adem\u00e1s de la visita, hubo regalos para el p\u00fablico que se hizo presente acompa\u00f1ando a los integrantes del plantel. Camisetas, pelotas, revistas y firmando aut\u00f3grafos, el clima vivido fue muy agradable para ambas partes.<\/p>\n<p>Los de General Bustos comenzar\u00e1n sus duelos en C\u00f3rdoba este domingo 4 cuando reciban a Regatas, continuar\u00e1 el 6 ante San Mart\u00edn de Corrientes, el 8 con Sionista y el 16 enfrentando a La Uni\u00f3n de Formosa.<\/p>\n<p>La &#8220;promoci\u00f3n turista&#8221; consiste en que comprando una entrada en los locales de Rossetti Deportes de Carlos Paz, se le regalar\u00e1 otra por el mismo valor.<\/p>\n<p>Estas son algunas de las fotos de la tarde serrana:\u00a0<a href=\"https:\/\/www.facebook.com\/Asociacion.Deportiva.Atenas.Oficial\" target=\"_blank\">https:\/\/www.facebook.com\/Asociacion.Deportiva.Atenas.Oficial<\/a><\/p>\n<p>Fuente y fotos: Prensa Asociaci\u00f3n Deportiva Atenas.<\/p>\n","protected":false},"excerpt":{"rendered":"<p>Mat\u00edas Bortol\u00edn, Juan Manuel Torres y Luciano Gonz\u00e1lez, acompa\u00f1ados por el jefe de equipo Ricardo Borsini, se hicieron presentes en la ciudad serrana promocionando los partidos que disputar\u00e1 el Griego este mes en condici\u00f3n de local. &nbsp; Adem\u00e1s de la visita, hubo regalos para el p\u00fablico que se hizo presente acompa\u00f1ando a los integrantes del [&hellip;]<\/p>\n","protected":false},"author":2,"featured_media":25833,"comment_status":"closed","ping_status":"closed","sticky":false,"template":"","format":"standard","meta":{"_seopress_robots_primary_cat":"","_seopress_titles_title":"","_seopress_titles_desc":"","_seopress_robots_index":"","footnotes":""},"categories":[3],"tags":[4795],"class_list":["post-25831","post","type-post","status-publish","format-standard","has-post-thumbnail","hentry","category-basquet","tag-visita"],"_links":{"self":[{"href":"https:\/\/www.cordobatimes.com\/deportes\/wp-json\/wp\/v2\/posts\/25831","targetHints":{"allow":["GET"]}}],"collection":[{"href":"https:\/\/www.cordobatimes.com\/deportes\/wp-json\/wp\/v2\/posts"}],"about":[{"href":"https:\/\/www.cordobatimes.com\/deportes\/wp-json\/wp\/v2\/types\/post"}],"author":[{"embeddable":true,"href":"https:\/\/www.cordobatimes.com\/deportes\/wp-json\/wp\/v2\/users\/2"}],"replies":[{"embeddable":true,"href":"https:\/\/www.cordobatimes.com\/deportes\/wp-json\/wp\/v2\/comments?post=25831"}],"version-history":[{"count":0,"href":"https:\/\/www.cordobatimes.com\/deportes\/wp-json\/wp\/v2\/posts\/25831\/revisions"}],"wp:featuredmedia":[{"embeddable":true,"href":"https:\/\/www.cordobatimes.com\/deportes\/wp-json\/wp\/v2\/media\/25833"}],"wp:attachment":[{"href":"https:\/\/www.cordobatimes.com\/deportes\/wp-json\/wp\/v2\/media?parent=25831"}],"wp:term":[{"taxonomy":"category","embeddable":true,"href":"https:\/\/www.cordobatimes.com\/deportes\/wp-json\/wp\/v2\/categories?post=25831"},{"taxonomy":"post_tag","embeddable":true,"href":"https:\/\/www.cordobatimes.com\/deportes\/wp-json\/wp\/v2\/tags?post=25831"}],"curies":[{"name":"wp","href":"https:\/\/api.w.org\/{rel}","templated":true}]}}