{"id":25780,"date":"2014-12-31T10:10:57","date_gmt":"2014-12-31T13:10:57","guid":{"rendered":"http:\/\/www.cordobatimes.com\/deportes\/?p=25780"},"modified":"2014-12-31T10:40:18","modified_gmt":"2014-12-31T13:40:18","slug":"ezequiel-videla-ciudadano-ilustre-de-cosquin","status":"publish","type":"post","link":"https:\/\/www.cordobatimes.com\/deportes\/futbol\/2014\/12\/31\/ezequiel-videla-ciudadano-ilustre-de-cosquin\/","title":{"rendered":"Ezequiel Videla, &#8220;Ciudadano Ilustre&#8221; de Cosqu\u00edn"},"content":{"rendered":"<h3><strong><a href=\"http:\/\/www.cordobatimes.com\/deportes\/wp-content\/uploads\/2014\/12\/Videla.jpg\"><img loading=\"lazy\" decoding=\"async\" class=\"size-full wp-image-25781 aligncenter\" alt=\"Videla\" src=\"http:\/\/www.cordobatimes.com\/deportes\/wp-content\/uploads\/2014\/12\/Videla.jpg\" width=\"630\" height=\"350\" data-id=\"25781\" srcset=\"https:\/\/www.cordobatimes.com\/deportes\/wp-content\/uploads\/2014\/12\/Videla.jpg 630w, https:\/\/www.cordobatimes.com\/deportes\/wp-content\/uploads\/2014\/12\/Videla-300x166.jpg 300w\" sizes=\"auto, (max-width: 630px) 100vw, 630px\" \/><\/a><\/strong><\/h3>\n<h3 style=\"text-align: justify;\"><strong>El mediocampista de Racing, una de las figuras del equipo que se consagr\u00f3 campe\u00f3n del f\u00fatbol argentino, obtuvo esa distinci\u00f3n en la localidad cordobesa de la cual es Oriundo.<\/strong><\/h3>\n<p style=\"text-align: justify;\">\n<p style=\"text-align: justify;\">La encargada de entregar el premio, un honor para cualquier habitante, fue entregada al ex Instituto por la propia Intendenta de la ciudad, Rossana Adaglio.<\/p>\n<p style=\"text-align: justify;\">&#8220;La Municipalidad de la ciudad de Cosqu\u00edn hace llegar el reconocimiento al cosco\u00edno Ezequiel Oscar Videla por ser parte del plantel del Racing Club de Avellaneda consagrado campe\u00f3n del torneo de Primera Divisi\u00f3n del F\u00fatbol Argentino 2014&#8221;, rezaba la plaqueta que recibi\u00f3 el 5, adem\u00e1s de un poncho como regalo extra.<\/p>\n<p style=\"text-align: justify;\">Agradecido por el acto en su nombre, dese\u00f3 unas felices fiestas a los presentes y pidi\u00f3 por un 2015 con m\u00e1s \u00e9xitos deportivos a nivel personal y grupal con la Academia.<\/p>\n","protected":false},"excerpt":{"rendered":"<p>El mediocampista de Racing, una de las figuras del equipo que se consagr\u00f3 campe\u00f3n del f\u00fatbol argentino, obtuvo esa distinci\u00f3n en la localidad cordobesa de la cual es Oriundo. La encargada de entregar el premio, un honor para cualquier habitante, fue entregada al ex Instituto por la propia Intendenta de la ciudad, Rossana Adaglio. &#8220;La [&hellip;]<\/p>\n","protected":false},"author":2,"featured_media":25781,"comment_status":"closed","ping_status":"closed","sticky":false,"template":"","format":"standard","meta":{"_seopress_robots_primary_cat":"","_seopress_titles_title":"","_seopress_titles_desc":"","_seopress_robots_index":"","footnotes":""},"categories":[2],"tags":[33,4776,169,4775,106,1163],"class_list":["post-25780","post","type-post","status-publish","format-standard","has-post-thumbnail","hentry","category-futbol","tag-afa","tag-ciudadano-ilustre","tag-cordoba","tag-cosquin","tag-racing","tag-videla"],"_links":{"self":[{"href":"https:\/\/www.cordobatimes.com\/deportes\/wp-json\/wp\/v2\/posts\/25780","targetHints":{"allow":["GET"]}}],"collection":[{"href":"https:\/\/www.cordobatimes.com\/deportes\/wp-json\/wp\/v2\/posts"}],"about":[{"href":"https:\/\/www.cordobatimes.com\/deportes\/wp-json\/wp\/v2\/types\/post"}],"author":[{"embeddable":true,"href":"https:\/\/www.cordobatimes.com\/deportes\/wp-json\/wp\/v2\/users\/2"}],"replies":[{"embeddable":true,"href":"https:\/\/www.cordobatimes.com\/deportes\/wp-json\/wp\/v2\/comments?post=25780"}],"version-history":[{"count":0,"href":"https:\/\/www.cordobatimes.com\/deportes\/wp-json\/wp\/v2\/posts\/25780\/revisions"}],"wp:featuredmedia":[{"embeddable":true,"href":"https:\/\/www.cordobatimes.com\/deportes\/wp-json\/wp\/v2\/media\/25781"}],"wp:attachment":[{"href":"https:\/\/www.cordobatimes.com\/deportes\/wp-json\/wp\/v2\/media?parent=25780"}],"wp:term":[{"taxonomy":"category","embeddable":true,"href":"https:\/\/www.cordobatimes.com\/deportes\/wp-json\/wp\/v2\/categories?post=25780"},{"taxonomy":"post_tag","embeddable":true,"href":"https:\/\/www.cordobatimes.com\/deportes\/wp-json\/wp\/v2\/tags?post=25780"}],"curies":[{"name":"wp","href":"https:\/\/api.w.org\/{rel}","templated":true}]}}