{"id":25776,"date":"2014-12-31T10:01:32","date_gmt":"2014-12-31T13:01:32","guid":{"rendered":"http:\/\/www.cordobatimes.com\/deportes\/?p=25776"},"modified":"2014-12-31T10:01:32","modified_gmt":"2014-12-31T13:01:32","slug":"mascherano-conto-su-deseo-de-volver-a-river","status":"publish","type":"post","link":"https:\/\/www.cordobatimes.com\/deportes\/futbol\/2014\/12\/31\/mascherano-conto-su-deseo-de-volver-a-river\/","title":{"rendered":"Mascherano cont\u00f3 su deseo de volver a River"},"content":{"rendered":"<h3 style=\"text-align: justify;\"><strong><a href=\"http:\/\/www.cordobatimes.com\/deportes\/wp-content\/uploads\/2014\/12\/Mascherano.jpg\"><img loading=\"lazy\" decoding=\"async\" class=\"size-full wp-image-25777 aligncenter\" alt=\"\" src=\"http:\/\/www.cordobatimes.com\/deportes\/wp-content\/uploads\/2014\/12\/Mascherano.jpg\" width=\"620\" height=\"400\" data-id=\"25777\" srcset=\"https:\/\/www.cordobatimes.com\/deportes\/wp-content\/uploads\/2014\/12\/Mascherano.jpg 620w, https:\/\/www.cordobatimes.com\/deportes\/wp-content\/uploads\/2014\/12\/Mascherano-300x193.jpg 300w\" sizes=\"auto, (max-width: 620px) 100vw, 620px\" \/><\/a><\/strong><\/h3>\n<h3 style=\"text-align: justify;\"><strong>&#8220;Me gustar\u00eda terminar mi carrera donde la comenc\u00e9&#8221;, dijo el mediocampista. Igualmente, avis\u00f3 que tiene contrato vigente en Barcelona hasta 2018.<\/strong><\/h3>\n<p style=\"text-align: justify;\">\n<p style=\"text-align: justify;\">&#8220;Despu\u00e9s de terminar mi v\u00ednculo en Espa\u00f1a habr\u00e1 que ver si estar\u00e9 en condiciones de poder jugar en buen nivel. Esas son cuestiones que no hay que forzarlas. Es que nunca depende solamente de uno&#8221;, afirm\u00f3 Mascherano en declaraciones a Fox Sports Radio.<\/p>\n<p style=\"text-align: justify;\">Adem\u00e1s, el Jefecito se refiri\u00f3 al equipo dirigido por Marcelo Gallardo, indicando que &#8220;hac\u00eda mucho no ve\u00eda un River como el de ahora&#8221;.<\/p>\n<p style=\"text-align: justify;\">Por supuesto que tambi\u00e9n fue consultado por la Selecci\u00f3n:\u00a0&#8220;Este a\u00f1o fue muy positivo, porque m\u00e1s all\u00e1 del subcampeonato mundial, que no es poca cosa, representamos muy bien a la Argentina. Y personalmente jugu\u00e9 el partido que siempre so\u00f1\u00e9, que era una final del mundo&#8221;.<\/p>\n<p style=\"text-align: justify;\">Para cerrar, concluy\u00f3 que no volvi\u00f3 a ver la final perdida contra Alemania y que quiere disputar la Copa Am\u00e9rica de Chile en 2015.<\/p>\n","protected":false},"excerpt":{"rendered":"<p>&#8220;Me gustar\u00eda terminar mi carrera donde la comenc\u00e9&#8221;, dijo el mediocampista. Igualmente, avis\u00f3 que tiene contrato vigente en Barcelona hasta 2018. &#8220;Despu\u00e9s de terminar mi v\u00ednculo en Espa\u00f1a habr\u00e1 que ver si estar\u00e9 en condiciones de poder jugar en buen nivel. Esas son cuestiones que no hay que forzarlas. Es que nunca depende solamente de [&hellip;]<\/p>\n","protected":false},"author":2,"featured_media":25777,"comment_status":"closed","ping_status":"closed","sticky":false,"template":"","format":"standard","meta":{"_seopress_robots_primary_cat":"","_seopress_titles_title":"","_seopress_titles_desc":"","_seopress_robots_index":"","footnotes":""},"categories":[2],"tags":[67,4774,2954,850],"class_list":{"0":"post-25776","1":"post","2":"type-post","3":"status-publish","4":"format-standard","5":"has-post-thumbnail","6":"hentry","7":"category-futbol","8":"tag-barcelona","10":"tag-javier-mascherano","11":"tag-river-plate"},"_links":{"self":[{"href":"https:\/\/www.cordobatimes.com\/deportes\/wp-json\/wp\/v2\/posts\/25776","targetHints":{"allow":["GET"]}}],"collection":[{"href":"https:\/\/www.cordobatimes.com\/deportes\/wp-json\/wp\/v2\/posts"}],"about":[{"href":"https:\/\/www.cordobatimes.com\/deportes\/wp-json\/wp\/v2\/types\/post"}],"author":[{"embeddable":true,"href":"https:\/\/www.cordobatimes.com\/deportes\/wp-json\/wp\/v2\/users\/2"}],"replies":[{"embeddable":true,"href":"https:\/\/www.cordobatimes.com\/deportes\/wp-json\/wp\/v2\/comments?post=25776"}],"version-history":[{"count":0,"href":"https:\/\/www.cordobatimes.com\/deportes\/wp-json\/wp\/v2\/posts\/25776\/revisions"}],"wp:featuredmedia":[{"embeddable":true,"href":"https:\/\/www.cordobatimes.com\/deportes\/wp-json\/wp\/v2\/media\/25777"}],"wp:attachment":[{"href":"https:\/\/www.cordobatimes.com\/deportes\/wp-json\/wp\/v2\/media?parent=25776"}],"wp:term":[{"taxonomy":"category","embeddable":true,"href":"https:\/\/www.cordobatimes.com\/deportes\/wp-json\/wp\/v2\/categories?post=25776"},{"taxonomy":"post_tag","embeddable":true,"href":"https:\/\/www.cordobatimes.com\/deportes\/wp-json\/wp\/v2\/tags?post=25776"}],"curies":[{"name":"wp","href":"https:\/\/api.w.org\/{rel}","templated":true}]}}