{"id":25721,"date":"2014-12-28T11:00:38","date_gmt":"2014-12-28T14:00:38","guid":{"rendered":"http:\/\/www.cordobatimes.com\/deportes\/?p=25721"},"modified":"2014-12-28T16:47:59","modified_gmt":"2014-12-28T19:47:59","slug":"platini-insiste-en-aplicar-la-tarjeta-blanca","status":"publish","type":"post","link":"https:\/\/www.cordobatimes.com\/deportes\/futbol-internacional\/2014\/12\/28\/platini-insiste-en-aplicar-la-tarjeta-blanca\/","title":{"rendered":"Platini insiste en aplicar la &#8220;tarjeta blanca&#8221;"},"content":{"rendered":"<h3><strong><a href=\"http:\/\/www.cordobatimes.com\/deportes\/wp-content\/uploads\/2014\/12\/Tarjeta-Blanca.jpg\"><img loading=\"lazy\" decoding=\"async\" class=\"size-full wp-image-25722 aligncenter\" alt=\"Tarjeta Blanca\" src=\"http:\/\/www.cordobatimes.com\/deportes\/wp-content\/uploads\/2014\/12\/Tarjeta-Blanca.jpg\" width=\"624\" height=\"468\" data-id=\"25722\" srcset=\"https:\/\/www.cordobatimes.com\/deportes\/wp-content\/uploads\/2014\/12\/Tarjeta-Blanca.jpg 624w, https:\/\/www.cordobatimes.com\/deportes\/wp-content\/uploads\/2014\/12\/Tarjeta-Blanca-300x225.jpg 300w\" sizes=\"auto, (max-width: 624px) 100vw, 624px\" \/><\/a><\/strong><\/h3>\n<h3 style=\"text-align: justify;\"><strong>El franc\u00e9s, Presidente de la UEFA, volvi\u00f3 a pedir que se introduzca dentro del reglamento la nueva figura, la cual significar\u00eda una sanci\u00f3n temporal para los futbolistas.<\/strong><\/h3>\n<p style=\"text-align: justify;\">\n<p style=\"text-align: justify;\">&#8220;La tarjeta blanca reducir\u00eda la tensi\u00f3n que provoca el uso de las cartulinas amarillas y rojas durante los partidos&#8221;, fueron las palabras m\u00e1s destacadas del dirigente en la apertura de la 9\u00aa edici\u00f3n de la Dubai International Sports Conference.<\/p>\n<p style=\"text-align: justify;\">Siguiendo con su exposici\u00f3n, anadi\u00f3 que &#8220;el \u00e1rbitro sancionar\u00eda a un jugador con una tarjeta blanca como primer aviso y dejar la tarjeta amarilla para una segunda advertencia&#8221;, ante la atenta mirada de los presentes, quienes no sab\u00edan si tomar en serio las declaraciones o pensarlas como algo posible.<\/p>\n<p style=\"text-align: justify;\">Adem\u00e1s, continuando con el tema, Platini explic\u00f3 que la disposici\u00f3n ayudar\u00eda para calmar los constantes reclamos de futbolistas para con el \u00e1rbitro dentro de la cancha. En relaci\u00f3n a esto, pidi\u00f3 a los jugadores m\u00e1s experimentados que traten de &#8220;dar el ejemplo&#8221; a aquellos que reci\u00e9n comienzan su carrera profesional.<\/p>\n<p style=\"text-align: justify;\">Cerrando, dijo que &#8220;habr\u00e1 que convencer a FIFA&#8221; para que introduzca el cambio, que no solo sumar\u00eda una cartulina m\u00e1s al bolsillo del refer\u00ed sino que aplicar\u00eda una revoluci\u00f3n en la historia del f\u00fatbol.<\/p>\n","protected":false},"excerpt":{"rendered":"<p>El franc\u00e9s, Presidente de la UEFA, volvi\u00f3 a pedir que se introduzca dentro del reglamento la nueva figura, la cual significar\u00eda una sanci\u00f3n temporal para los futbolistas. &#8220;La tarjeta blanca reducir\u00eda la tensi\u00f3n que provoca el uso de las cartulinas amarillas y rojas durante los partidos&#8221;, fueron las palabras m\u00e1s destacadas del dirigente en la [&hellip;]<\/p>\n","protected":false},"author":2,"featured_media":25722,"comment_status":"closed","ping_status":"closed","sticky":false,"template":"","format":"standard","meta":{"_seopress_robots_primary_cat":"","_seopress_titles_title":"","_seopress_titles_desc":"","_seopress_robots_index":"","footnotes":""},"categories":[18],"tags":[109,4766,4765,111],"class_list":["post-25721","post","type-post","status-publish","format-standard","has-post-thumbnail","hentry","category-futbol-internacional","tag-platini","tag-reglamento","tag-tarjeta-blanca","tag-uefa"],"_links":{"self":[{"href":"https:\/\/www.cordobatimes.com\/deportes\/wp-json\/wp\/v2\/posts\/25721","targetHints":{"allow":["GET"]}}],"collection":[{"href":"https:\/\/www.cordobatimes.com\/deportes\/wp-json\/wp\/v2\/posts"}],"about":[{"href":"https:\/\/www.cordobatimes.com\/deportes\/wp-json\/wp\/v2\/types\/post"}],"author":[{"embeddable":true,"href":"https:\/\/www.cordobatimes.com\/deportes\/wp-json\/wp\/v2\/users\/2"}],"replies":[{"embeddable":true,"href":"https:\/\/www.cordobatimes.com\/deportes\/wp-json\/wp\/v2\/comments?post=25721"}],"version-history":[{"count":0,"href":"https:\/\/www.cordobatimes.com\/deportes\/wp-json\/wp\/v2\/posts\/25721\/revisions"}],"wp:featuredmedia":[{"embeddable":true,"href":"https:\/\/www.cordobatimes.com\/deportes\/wp-json\/wp\/v2\/media\/25722"}],"wp:attachment":[{"href":"https:\/\/www.cordobatimes.com\/deportes\/wp-json\/wp\/v2\/media?parent=25721"}],"wp:term":[{"taxonomy":"category","embeddable":true,"href":"https:\/\/www.cordobatimes.com\/deportes\/wp-json\/wp\/v2\/categories?post=25721"},{"taxonomy":"post_tag","embeddable":true,"href":"https:\/\/www.cordobatimes.com\/deportes\/wp-json\/wp\/v2\/tags?post=25721"}],"curies":[{"name":"wp","href":"https:\/\/api.w.org\/{rel}","templated":true}]}}