{"id":25646,"date":"2014-12-25T20:57:11","date_gmt":"2014-12-25T23:57:11","guid":{"rendered":"http:\/\/www.cordobatimes.com\/deportes\/?p=25646"},"modified":"2014-12-25T20:57:11","modified_gmt":"2014-12-25T23:57:11","slug":"otro-muerto-en-un-nuevo-enfrentamiento-entre-barras","status":"publish","type":"post","link":"https:\/\/www.cordobatimes.com\/deportes\/futbol\/2014\/12\/25\/otro-muerto-en-un-nuevo-enfrentamiento-entre-barras\/","title":{"rendered":"Otro muerto en un nuevo enfrentamiento entre barras"},"content":{"rendered":"<p style=\"text-align: center;\"><a href=\"http:\/\/www.cordobatimes.com\/deportes\/wp-content\/uploads\/2014\/12\/Lanus.jpg\"><img loading=\"lazy\" decoding=\"async\" class=\"size-full wp-image-25647 aligncenter\" alt=\"Lanus\" src=\"http:\/\/www.cordobatimes.com\/deportes\/wp-content\/uploads\/2014\/12\/Lanus.jpg\" width=\"770\" height=\"433\" data-id=\"25647\" srcset=\"https:\/\/www.cordobatimes.com\/deportes\/wp-content\/uploads\/2014\/12\/Lanus.jpg 770w, https:\/\/www.cordobatimes.com\/deportes\/wp-content\/uploads\/2014\/12\/Lanus-300x168.jpg 300w\" sizes=\"auto, (max-width: 770px) 100vw, 770px\" \/><\/a><\/p>\n<h3 style=\"text-align: justify;\"><b>Facciones de la barra brava de Lan\u00fas se enfrentaron anoche en la v\u00edspera de Navidad y una persona termin\u00f3 perdiendo la vida debido a un disparo.<\/b><\/h3>\n<p style=\"text-align: justify;\">\n<p style=\"text-align: justify;\">\n<p style=\"text-align: justify;\">Un barra del Club Atl\u00e9tico Lan\u00fas muri\u00f3 baleado esta madrugada en un enfrentamiento entre dos grupos que pelean por hacerse con el poder en las tribunas. El hecho ocurri\u00f3 en una villa de dicha localidad, en el marco de una pelea que ya lleva m\u00e1s de dos a\u00f1os.<\/p>\n<p style=\"text-align: justify;\">La polic\u00eda detuvo a tres personas acusadas de cometer el crimen, entre los que se encuentra el padre del l\u00edder de la facci\u00f3n disidente, al\u00edas \u201cEl Polaquito\u201d, que se acerc\u00f3 a la escena del crimen y fue detenido por tenencia ilegal de arma.<\/p>\n<p style=\"text-align: justify;\">La v\u00edctima fue identificada como Jos\u00e9 \u201cGallego\u201d Fern\u00e1ndez, miembro de la facci\u00f3n oficial liderada por Diego \u201cFanfi\u201d Goncebate. El individuo fue trasladado al hospital local luego de la intervenci\u00f3n del Comando de Prevenci\u00f3n Comunitaria (CPC), donde falleci\u00f3 horas despu\u00e9s.<\/p>\n<p style=\"text-align: justify;\">La trifulca se produjo en la esquina de Cabral y Basavilbaso, de Villa Sapito, donde Mat\u00edas \u201cEl Polaquito\u201d Soto domina. Este busca sacar a Goncebate el manejo de la barra brava Granate. El 23 de diciembre ya se hab\u00eda ocurrido un primer enfrentamiento, aunque sin ninguna v\u00edctima fatal.<\/p>\n","protected":false},"excerpt":{"rendered":"<p>Facciones de la barra brava de Lan\u00fas se enfrentaron anoche en la v\u00edspera de Navidad y una persona termin\u00f3 perdiendo la vida debido a un disparo. Un barra del Club Atl\u00e9tico Lan\u00fas muri\u00f3 baleado esta madrugada en un enfrentamiento entre dos grupos que pelean por hacerse con el poder en las tribunas. El hecho ocurri\u00f3 [&hellip;]<\/p>\n","protected":false},"author":15,"featured_media":25647,"comment_status":"closed","ping_status":"closed","sticky":false,"template":"","format":"standard","meta":{"_seopress_robots_primary_cat":"","_seopress_titles_title":"","_seopress_titles_desc":"","_seopress_robots_index":"","footnotes":""},"categories":[2,16],"tags":[33,4734,73,4735],"class_list":["post-25646","post","type-post","status-publish","format-standard","has-post-thumbnail","hentry","category-futbol","category-primera-division","tag-afa","tag-barra-brava","tag-lanus","tag-violentos"],"_links":{"self":[{"href":"https:\/\/www.cordobatimes.com\/deportes\/wp-json\/wp\/v2\/posts\/25646","targetHints":{"allow":["GET"]}}],"collection":[{"href":"https:\/\/www.cordobatimes.com\/deportes\/wp-json\/wp\/v2\/posts"}],"about":[{"href":"https:\/\/www.cordobatimes.com\/deportes\/wp-json\/wp\/v2\/types\/post"}],"author":[{"embeddable":true,"href":"https:\/\/www.cordobatimes.com\/deportes\/wp-json\/wp\/v2\/users\/15"}],"replies":[{"embeddable":true,"href":"https:\/\/www.cordobatimes.com\/deportes\/wp-json\/wp\/v2\/comments?post=25646"}],"version-history":[{"count":0,"href":"https:\/\/www.cordobatimes.com\/deportes\/wp-json\/wp\/v2\/posts\/25646\/revisions"}],"wp:featuredmedia":[{"embeddable":true,"href":"https:\/\/www.cordobatimes.com\/deportes\/wp-json\/wp\/v2\/media\/25647"}],"wp:attachment":[{"href":"https:\/\/www.cordobatimes.com\/deportes\/wp-json\/wp\/v2\/media?parent=25646"}],"wp:term":[{"taxonomy":"category","embeddable":true,"href":"https:\/\/www.cordobatimes.com\/deportes\/wp-json\/wp\/v2\/categories?post=25646"},{"taxonomy":"post_tag","embeddable":true,"href":"https:\/\/www.cordobatimes.com\/deportes\/wp-json\/wp\/v2\/tags?post=25646"}],"curies":[{"name":"wp","href":"https:\/\/api.w.org\/{rel}","templated":true}]}}