{"id":25628,"date":"2014-12-25T07:55:39","date_gmt":"2014-12-25T10:55:39","guid":{"rendered":"http:\/\/www.cordobatimes.com\/deportes\/?p=25628"},"modified":"2014-12-24T14:32:20","modified_gmt":"2014-12-24T17:32:20","slug":"menez-y-un-saludo-muy-carinoso-con-un-ex-companero","status":"publish","type":"post","link":"https:\/\/www.cordobatimes.com\/deportes\/futbol-internacional\/2014\/12\/25\/menez-y-un-saludo-muy-carinoso-con-un-ex-companero\/","title":{"rendered":"Menez y un saludo muy &#8220;cari\u00f1oso&#8221; con un ex compa\u00f1ero"},"content":{"rendered":"<h3><strong><a href=\"http:\/\/www.cordobatimes.com\/deportes\/wp-content\/uploads\/2014\/12\/Menez-De-Rossi.jpg\"><img loading=\"lazy\" decoding=\"async\" class=\"size-full wp-image-25629 aligncenter\" alt=\"Menez-De Rossi\" src=\"http:\/\/www.cordobatimes.com\/deportes\/wp-content\/uploads\/2014\/12\/Menez-De-Rossi.jpg\" width=\"630\" height=\"354\" data-id=\"25629\" srcset=\"https:\/\/www.cordobatimes.com\/deportes\/wp-content\/uploads\/2014\/12\/Menez-De-Rossi.jpg 630w, https:\/\/www.cordobatimes.com\/deportes\/wp-content\/uploads\/2014\/12\/Menez-De-Rossi-300x168.jpg 300w\" sizes=\"auto, (max-width: 630px) 100vw, 630px\" \/><\/a><\/strong><\/h3>\n<h3><strong>En el duelo entre Roma y Milan, por la Serie A, el franc\u00e9s decidi\u00f3 hacerle una caricia en pleno partido a Danielle De Rossi, quien no reaccion\u00f3 y empez\u00f3 a re\u00edrse. VIDEO.<\/strong><\/h3>\n<p>&nbsp;<\/p>\n<p>El aburrido 0-0 entre ambos no dej\u00f3 jugadas interesantes para ver y mucho menos goles, ya que no los hubo. Por eso, los programas deportivos italianos hicieron hincapi\u00e9 en una jugada que, para aquellos que no entienden el juego, puede ser tildada de pol\u00e9mica.<\/p>\n<p>La buena relaci\u00f3n entre ambos jugadores, ex compa\u00f1eros hasta hace poco tiempo, mostr\u00f3 la divertida situaci\u00f3n en pleno campo de juego. Tras una falta sancionada, el ahora jugador de Milan pas\u00f3 por el costado de De Rossi y le peg\u00f3 en los genitales, provocando la risa de ambos.<\/p>\n<p>Mir\u00e1 el momento de la acci\u00f3n:<\/p>\n<p><iframe loading=\"lazy\" src=\"\/\/www.youtube.com\/embed\/d2VZvFAzcY4\" height=\"315\" width=\"420\" allowfullscreen=\"\" frameborder=\"0\"><\/iframe><\/p>\n","protected":false},"excerpt":{"rendered":"<p>En el duelo entre Roma y Milan, por la Serie A, el franc\u00e9s decidi\u00f3 hacerle una caricia en pleno partido a Danielle De Rossi, quien no reaccion\u00f3 y empez\u00f3 a re\u00edrse. VIDEO. &nbsp; El aburrido 0-0 entre ambos no dej\u00f3 jugadas interesantes para ver y mucho menos goles, ya que no los hubo. Por eso, [&hellip;]<\/p>\n","protected":false},"author":2,"featured_media":25629,"comment_status":"closed","ping_status":"closed","sticky":false,"template":"","format":"standard","meta":{"_seopress_robots_primary_cat":"","_seopress_titles_title":"","_seopress_titles_desc":"","_seopress_robots_index":"","footnotes":""},"categories":[18],"tags":[4728,4727,409,336,4729,80],"class_list":["post-25628","post","type-post","status-publish","format-standard","has-post-thumbnail","hentry","category-futbol-internacional","tag-danielle-de-rossi","tag-jeremy-menez","tag-milan","tag-roma","tag-saludo-en-los-genitales","tag-video"],"_links":{"self":[{"href":"https:\/\/www.cordobatimes.com\/deportes\/wp-json\/wp\/v2\/posts\/25628","targetHints":{"allow":["GET"]}}],"collection":[{"href":"https:\/\/www.cordobatimes.com\/deportes\/wp-json\/wp\/v2\/posts"}],"about":[{"href":"https:\/\/www.cordobatimes.com\/deportes\/wp-json\/wp\/v2\/types\/post"}],"author":[{"embeddable":true,"href":"https:\/\/www.cordobatimes.com\/deportes\/wp-json\/wp\/v2\/users\/2"}],"replies":[{"embeddable":true,"href":"https:\/\/www.cordobatimes.com\/deportes\/wp-json\/wp\/v2\/comments?post=25628"}],"version-history":[{"count":0,"href":"https:\/\/www.cordobatimes.com\/deportes\/wp-json\/wp\/v2\/posts\/25628\/revisions"}],"wp:featuredmedia":[{"embeddable":true,"href":"https:\/\/www.cordobatimes.com\/deportes\/wp-json\/wp\/v2\/media\/25629"}],"wp:attachment":[{"href":"https:\/\/www.cordobatimes.com\/deportes\/wp-json\/wp\/v2\/media?parent=25628"}],"wp:term":[{"taxonomy":"category","embeddable":true,"href":"https:\/\/www.cordobatimes.com\/deportes\/wp-json\/wp\/v2\/categories?post=25628"},{"taxonomy":"post_tag","embeddable":true,"href":"https:\/\/www.cordobatimes.com\/deportes\/wp-json\/wp\/v2\/tags?post=25628"}],"curies":[{"name":"wp","href":"https:\/\/api.w.org\/{rel}","templated":true}]}}