{"id":25557,"date":"2014-12-22T09:00:55","date_gmt":"2014-12-22T12:00:55","guid":{"rendered":"http:\/\/www.cordobatimes.com\/deportes\/?p=25557"},"modified":"2014-12-22T10:12:50","modified_gmt":"2014-12-22T13:12:50","slug":"marcos-ligato-se-consagro-campeon-de-rally-argentino","status":"publish","type":"post","link":"https:\/\/www.cordobatimes.com\/deportes\/automovilismo\/2014\/12\/22\/marcos-ligato-se-consagro-campeon-de-rally-argentino\/","title":{"rendered":"Marcos Ligato se consagr\u00f3 campe\u00f3n de Rally Argentino"},"content":{"rendered":"<h3><strong><a href=\"http:\/\/www.cordobatimes.com\/deportes\/wp-content\/uploads\/2014\/12\/Ligato.jpg\"><img loading=\"lazy\" decoding=\"async\" class=\"size-full wp-image-25558 aligncenter\" alt=\"Ligato\" src=\"http:\/\/www.cordobatimes.com\/deportes\/wp-content\/uploads\/2014\/12\/Ligato.jpg\" width=\"640\" height=\"425\" data-id=\"25558\" srcset=\"https:\/\/www.cordobatimes.com\/deportes\/wp-content\/uploads\/2014\/12\/Ligato.jpg 640w, https:\/\/www.cordobatimes.com\/deportes\/wp-content\/uploads\/2014\/12\/Ligato-300x199.jpg 300w\" sizes=\"auto, (max-width: 640px) 100vw, 640px\" \/><\/a><\/strong><\/h3>\n<h3><strong>El piloto cordob\u00e9s, perteneciente al Tango Rally Team, se coron\u00f3 en la \u00faltima competencia del a\u00f1o disputada en San Luis. La carrera fue ganada por Federico Villagra, otro de los que peleaba por quedarse con la corona.<\/strong><\/h3>\n<p>&nbsp;<\/p>\n<p>El \u00faltimo S\u00faper Especial del a\u00f1o disputado en Potrero de los Funes (de 2,35 kil\u00f3metros de extensi\u00f3n) sirvi\u00f3 para terminar de definir la temporada 2014 del Rally Argentino. En definitiva, y como sucedi\u00f3 en 2013, Federico Villagra y Marcos Ligato llegaron a pelear hasta \u00faltimo momento, luego del retraso de Nicol\u00e1s Fuchs (Ford Fiesta MR) y del abandono del neuquino Alejandro Cancio (Peugeot 207 MR), los cuatro que llegaron con chances de coronarse en esta cita.<\/p>\n<p>El Rally de San Luis finalmente lo gan\u00f3 Federico Villagra, navegado por Diego Curletto en el Ford Fiesta del VRS, pero lo m\u00e1s importante es que Marcos Ligato junto con Rub\u00e9n Garcia se consagraron campeones argentinos de la especialidad con el Chevrolet Agile MR del Tango Rally Team. Luego de nueve a\u00f1os (su \u00faltimo t\u00edtulo lo consigui\u00f3 en 2005), el de R\u00edo Ceballos vuelve a conquistar un t\u00edtulo de orden nacional.<\/p>\n<p>El \u00faltimo parcial qued\u00f3 para Fuchs (Fiesta del Baratec) tras registrar 1:55.2, superando por 2.4 a su compa\u00f1ero Miguel Baldoni (Peugeot 208 MR), por 3.9 a Villagra y por 5.8 a Nicol\u00e1s Madero (Fiesta del VRS). Mientras que en la general, Villagra se impuso con 16.6 de ventaja respecto a Ligato, quien en el cierre se dedic\u00f3 a cuidar y cedi\u00f3 9.0 segundos. El podio en esta cita lo complet\u00f3 el peruano Fuchs, a 31.3 de la punta, mientras que Baldoni lleg\u00f3 cuarto en su tierra.<\/p>\n<p>En la Copa Maxi Rally, el catamarque\u00f1o Augusto D\u00b4Agostini (VW Gol) consigui\u00f3 su primera victoria en este certamen al doblegar por 2.7 segundos a Claudio L\u00f3pez (Agile), a quien aventaj\u00f3 por 9.6 en la general, mientras que Fernando Scarlatta complet\u00f3 el podio con el Citro\u00ebn DS3 de la CGR.<\/p>\n<p>En la Clase 3, Samir Assaf obtuvo el \u00faltimo parcial tras superar por 2.6 a \u00c1lvaro Marchetto, aunque el mayor festejo qued\u00f3 en poder de &#8220;Bul\u00f3n&#8221;, quien con el Mitsubishi Lancer Evo X del DS Racing Y la compa\u00f1\u00eda de Marcos Baz\u00e1n, se qued\u00f3 con el triunfo en la general y con el campeonato de la divisional. El cordob\u00e9s aventaj\u00f3 en la tabla por 1.26.6 a Assaf, mientras que Emiliano Giovanardi complet\u00f3 el podio.<\/p>\n<p>En la Junior, Favio Grinovero se qued\u00f3 con el \u00faltimo parcial para festejar de la mejor manera el campeonato 2014. Con su Ford Ka, dobleg\u00f3 por apenas cuatro d\u00e9cimas Diego Grion (VW), quien se qued\u00f3 con esta fecha al superar por casi tres minutos al entrerriano Grinovero, mientras que Mat\u00edas Machado y Mariano Preto completaron los cuatro clasificados.<\/p>\n<div><strong>Clasificaci\u00f3n final Rally de San Luis<\/strong><\/div>\n<div>1-Federico Villagra\/Diego Curletto (Ford Fiesta MR) 1:48:34.6<\/div>\n<div>2-Marcos Ligato\/Rub\u00e9n Garc\u00eda (Chevrolet Agile MR) +16.6<\/div>\n<div>3-Nicol\u00e1s Fuchs\/Fernando Mussano (Ford Fiesta MR) +31.3<\/div>\n<div>4-Miguel Baldoni\/Gustavo Franchello (Peugeot 208 MR) +5:16.2<\/div>\n<div>5-Augusto D\u00b4Agostini\/Gustavo Beccaria (VW Gol MR) +6:46.4<\/p>\n<p><strong>Campeonato Maxi Rally:\u00a0<\/strong>1-Ligato, 295,5 (campe\u00f3n); 2-Villagra, 294; 3-Fuchs, 241; 4-Cancio, 218,5; 5-Baldoni, 203,5.<\/div>\n<div><strong>Copa Maxi Rally:<\/strong>\u00a01-Preto, 340 (campe\u00f3n); 2-\u00c1lvarez, 259,5; 3-D\u00b4Agostini, 218,5; 4-Nalbandian, 162; 5-Scarlatta, 160,5.<\/div>\n<p>Fuente: Carburando.<\/p>\n","protected":false},"excerpt":{"rendered":"<p>El piloto cordob\u00e9s, perteneciente al Tango Rally Team, se coron\u00f3 en la \u00faltima competencia del a\u00f1o disputada en San Luis. La carrera fue ganada por Federico Villagra, otro de los que peleaba por quedarse con la corona. &nbsp; El \u00faltimo S\u00faper Especial del a\u00f1o disputado en Potrero de los Funes (de 2,35 kil\u00f3metros de extensi\u00f3n) [&hellip;]<\/p>\n","protected":false},"author":2,"featured_media":25558,"comment_status":"closed","ping_status":"closed","sticky":false,"template":"","format":"standard","meta":{"_seopress_robots_primary_cat":"","_seopress_titles_title":"","_seopress_titles_desc":"","_seopress_robots_index":"","footnotes":""},"categories":[1,14],"tags":[912,936,1031,190,758],"class_list":["post-25557","post","type-post","status-publish","format-standard","has-post-thumbnail","hentry","category-automovilismo","category-rally","tag-campeon","tag-federico-villagra","tag-marcos-ligato","tag-rally-argentino","tag-san-luis"],"_links":{"self":[{"href":"https:\/\/www.cordobatimes.com\/deportes\/wp-json\/wp\/v2\/posts\/25557","targetHints":{"allow":["GET"]}}],"collection":[{"href":"https:\/\/www.cordobatimes.com\/deportes\/wp-json\/wp\/v2\/posts"}],"about":[{"href":"https:\/\/www.cordobatimes.com\/deportes\/wp-json\/wp\/v2\/types\/post"}],"author":[{"embeddable":true,"href":"https:\/\/www.cordobatimes.com\/deportes\/wp-json\/wp\/v2\/users\/2"}],"replies":[{"embeddable":true,"href":"https:\/\/www.cordobatimes.com\/deportes\/wp-json\/wp\/v2\/comments?post=25557"}],"version-history":[{"count":0,"href":"https:\/\/www.cordobatimes.com\/deportes\/wp-json\/wp\/v2\/posts\/25557\/revisions"}],"wp:featuredmedia":[{"embeddable":true,"href":"https:\/\/www.cordobatimes.com\/deportes\/wp-json\/wp\/v2\/media\/25558"}],"wp:attachment":[{"href":"https:\/\/www.cordobatimes.com\/deportes\/wp-json\/wp\/v2\/media?parent=25557"}],"wp:term":[{"taxonomy":"category","embeddable":true,"href":"https:\/\/www.cordobatimes.com\/deportes\/wp-json\/wp\/v2\/categories?post=25557"},{"taxonomy":"post_tag","embeddable":true,"href":"https:\/\/www.cordobatimes.com\/deportes\/wp-json\/wp\/v2\/tags?post=25557"}],"curies":[{"name":"wp","href":"https:\/\/api.w.org\/{rel}","templated":true}]}}