{"id":25523,"date":"2014-12-21T11:00:36","date_gmt":"2014-12-21T14:00:36","guid":{"rendered":"http:\/\/www.cordobatimes.com\/deportes\/?p=25523"},"modified":"2014-12-21T11:03:38","modified_gmt":"2014-12-21T14:03:38","slug":"river-jugara-un-cuadrangular-en-uruguay","status":"publish","type":"post","link":"https:\/\/www.cordobatimes.com\/deportes\/futbol\/2014\/12\/21\/river-jugara-un-cuadrangular-en-uruguay\/","title":{"rendered":"River jugar\u00e1 un cuadrangular en Uruguay"},"content":{"rendered":"<h3 style=\"text-align: justify;\"><strong><a href=\"http:\/\/www.cordobatimes.com\/deportes\/wp-content\/uploads\/2014\/12\/River4.jpg\"><img loading=\"lazy\" decoding=\"async\" class=\"size-full wp-image-25524 aligncenter\" alt=\"River\" src=\"http:\/\/www.cordobatimes.com\/deportes\/wp-content\/uploads\/2014\/12\/River4.jpg\" width=\"670\" height=\"400\" data-id=\"25524\" srcset=\"https:\/\/www.cordobatimes.com\/deportes\/wp-content\/uploads\/2014\/12\/River4.jpg 670w, https:\/\/www.cordobatimes.com\/deportes\/wp-content\/uploads\/2014\/12\/River4-300x179.jpg 300w\" sizes=\"auto, (max-width: 670px) 100vw, 670px\" \/><\/a><\/strong><\/h3>\n<h3 style=\"text-align: justify;\"><strong>Fue confimado entre el 12 y 14 de enero. Las gestiones fueron llevadas adelante por Enzo Francescoli. Los otros protagonistas ser\u00e1n Universitario de Per\u00fa, Nacional y Pe\u00f1arol.<\/strong><\/h3>\n<p>&nbsp;<\/p>\n<p style=\"text-align: justify;\">Ya con los jugadores de vacaciones, el club de N\u00fa\u00f1ez, \u00faltimo campe\u00f3n de la Copa Sudamericana, comienza a planificar lo que ser\u00e1n sus trabajos de preparaci\u00f3n rumbo a una temporada que lo tendr\u00e1 disputando siete competencias (Torneo de 30 equipos, Copa Libertadores, Recopa, Suruga Bank, Copa Sudamericana, Copa Argentina y Supercopa Argentina).<\/p>\n<p style=\"text-align: justify;\">Con la presencia de Pablo Aimar, el reencuentro del plantel ser\u00e1 el 4 de enero y ocho d\u00edas m\u00e1s tarde se mudar\u00e1 a Montevideo, donde integrar\u00e1 el mini torneo. El lunes 12 se medir\u00e1 con Universitario y el 14 tendr\u00e1 su segundo partido, la final o el tercer puesto, depende el resultado inicial.<\/p>\n<p style=\"text-align: justify;\">As\u00ed se jugar\u00e1:<\/p>\n<p style=\"text-align: justify;\"><i>Primera Etapa &#8211; Lunes 12 de enero en el Estadio Centenario<\/i><\/p>\n<p style=\"text-align: justify;\">A las 20, River &#8211; Universitario<\/p>\n<p style=\"text-align: justify;\">A las 22, Nacional &#8211; Pe\u00f1arol.<\/p>\n<p style=\"text-align: justify;\"><i>Definici\u00f3n &#8211; Mi\u00e9rcoles 14 de enero en el Estadio Centenario<\/i><\/p>\n<p style=\"text-align: justify;\">A las 20, partido por el tercer y cuarto puesto.<\/p>\n<p style=\"text-align: justify;\">A las 22, final.<\/p>\n","protected":false},"excerpt":{"rendered":"<p>Fue confimado entre el 12 y 14 de enero. Las gestiones fueron llevadas adelante por Enzo Francescoli. Los otros protagonistas ser\u00e1n Universitario de Per\u00fa, Nacional y Pe\u00f1arol. &nbsp; Ya con los jugadores de vacaciones, el club de N\u00fa\u00f1ez, \u00faltimo campe\u00f3n de la Copa Sudamericana, comienza a planificar lo que ser\u00e1n sus trabajos de preparaci\u00f3n rumbo [&hellip;]<\/p>\n","protected":false},"author":2,"featured_media":25524,"comment_status":"closed","ping_status":"closed","sticky":false,"template":"","format":"standard","meta":{"_seopress_robots_primary_cat":"","_seopress_titles_title":"","_seopress_titles_desc":"","_seopress_robots_index":"","footnotes":""},"categories":[2],"tags":[4625,3643,1625,180,1017,74,4694,316],"class_list":["post-25523","post","type-post","status-publish","format-standard","has-post-thumbnail","hentry","category-futbol","tag-agenda","tag-fechas","tag-nacional","tag-penarol","tag-pretemporada","tag-river","tag-universitario-de-peru","tag-uruguay"],"_links":{"self":[{"href":"https:\/\/www.cordobatimes.com\/deportes\/wp-json\/wp\/v2\/posts\/25523","targetHints":{"allow":["GET"]}}],"collection":[{"href":"https:\/\/www.cordobatimes.com\/deportes\/wp-json\/wp\/v2\/posts"}],"about":[{"href":"https:\/\/www.cordobatimes.com\/deportes\/wp-json\/wp\/v2\/types\/post"}],"author":[{"embeddable":true,"href":"https:\/\/www.cordobatimes.com\/deportes\/wp-json\/wp\/v2\/users\/2"}],"replies":[{"embeddable":true,"href":"https:\/\/www.cordobatimes.com\/deportes\/wp-json\/wp\/v2\/comments?post=25523"}],"version-history":[{"count":0,"href":"https:\/\/www.cordobatimes.com\/deportes\/wp-json\/wp\/v2\/posts\/25523\/revisions"}],"wp:featuredmedia":[{"embeddable":true,"href":"https:\/\/www.cordobatimes.com\/deportes\/wp-json\/wp\/v2\/media\/25524"}],"wp:attachment":[{"href":"https:\/\/www.cordobatimes.com\/deportes\/wp-json\/wp\/v2\/media?parent=25523"}],"wp:term":[{"taxonomy":"category","embeddable":true,"href":"https:\/\/www.cordobatimes.com\/deportes\/wp-json\/wp\/v2\/categories?post=25523"},{"taxonomy":"post_tag","embeddable":true,"href":"https:\/\/www.cordobatimes.com\/deportes\/wp-json\/wp\/v2\/tags?post=25523"}],"curies":[{"name":"wp","href":"https:\/\/api.w.org\/{rel}","templated":true}]}}