{"id":25514,"date":"2014-12-20T19:06:20","date_gmt":"2014-12-20T22:06:20","guid":{"rendered":"http:\/\/www.cordobatimes.com\/deportes\/?p=25514"},"modified":"2014-12-20T19:06:20","modified_gmt":"2014-12-20T22:06:20","slug":"julio-cesar-falcioni-es-el-nuevo-entrenador-de-quilmes","status":"publish","type":"post","link":"https:\/\/www.cordobatimes.com\/deportes\/futbol\/2014\/12\/20\/julio-cesar-falcioni-es-el-nuevo-entrenador-de-quilmes\/","title":{"rendered":"Julio C\u00e9sar Falcioni es el nuevo entrenador de Quilmes"},"content":{"rendered":"<p style=\"text-align: center;\"><a href=\"http:\/\/www.cordobatimes.com\/deportes\/wp-content\/uploads\/2014\/12\/Falcioni.jpg\"><img loading=\"lazy\" decoding=\"async\" class=\"size-full wp-image-25515 aligncenter\" alt=\"Falcioni\" src=\"http:\/\/www.cordobatimes.com\/deportes\/wp-content\/uploads\/2014\/12\/Falcioni.jpg\" width=\"600\" height=\"400\" data-id=\"25515\" srcset=\"https:\/\/www.cordobatimes.com\/deportes\/wp-content\/uploads\/2014\/12\/Falcioni.jpg 600w, https:\/\/www.cordobatimes.com\/deportes\/wp-content\/uploads\/2014\/12\/Falcioni-300x200.jpg 300w\" sizes=\"auto, (max-width: 600px) 100vw, 600px\" \/><\/a><\/p>\n<h3 style=\"text-align: justify;\"><b>As\u00ed lo anunci\u00f3 An\u00edbal Fern\u00e1ndez, presidente de la instituci\u00f3n, en su cuenta oficial de Twitter.<\/b><\/h3>\n<p style=\"text-align: justify;\">\n<p style=\"text-align: justify;\">\n<p style=\"text-align: justify;\">An\u00edbal Fern\u00e1ndez, \u00a0presidente de Quilmes Athletic Club y secretario General de la Presidencia, notific\u00f3 en su cuenta de Twitter que Julio C\u00e9sar Falcioni ser\u00e1 el nuevo entrenador del club ubicado en el sur del conurbano bonaerense.<\/p>\n<p style=\"text-align: justify;\">Falcioni, campe\u00f3n con Boca del Torneo Apertura 2011 y la Copa Argentina 2012, viene de dirigir la Universidad Cat\u00f3lica de Chile, donde fue despedido debido a los malos resultados. Ahora reemplazar\u00e1 a Pablo Quatrocchi intentando enderezar el rumbo del conjunto Cervecero.<\/p>\n","protected":false},"excerpt":{"rendered":"<p>As\u00ed lo anunci\u00f3 An\u00edbal Fern\u00e1ndez, presidente de la instituci\u00f3n, en su cuenta oficial de Twitter. An\u00edbal Fern\u00e1ndez, \u00a0presidente de Quilmes Athletic Club y secretario General de la Presidencia, notific\u00f3 en su cuenta de Twitter que Julio C\u00e9sar Falcioni ser\u00e1 el nuevo entrenador del club ubicado en el sur del conurbano bonaerense. Falcioni, campe\u00f3n con Boca [&hellip;]<\/p>\n","protected":false},"author":15,"featured_media":25515,"comment_status":"closed","ping_status":"closed","sticky":false,"template":"","format":"standard","meta":{"_seopress_robots_primary_cat":"","_seopress_titles_title":"","_seopress_titles_desc":"","_seopress_robots_index":"","footnotes":""},"categories":[2,16],"tags":[33,4692,99],"class_list":["post-25514","post","type-post","status-publish","format-standard","has-post-thumbnail","hentry","category-futbol","category-primera-division","tag-afa","tag-julio-cesar-falcioni","tag-quilmes"],"_links":{"self":[{"href":"https:\/\/www.cordobatimes.com\/deportes\/wp-json\/wp\/v2\/posts\/25514","targetHints":{"allow":["GET"]}}],"collection":[{"href":"https:\/\/www.cordobatimes.com\/deportes\/wp-json\/wp\/v2\/posts"}],"about":[{"href":"https:\/\/www.cordobatimes.com\/deportes\/wp-json\/wp\/v2\/types\/post"}],"author":[{"embeddable":true,"href":"https:\/\/www.cordobatimes.com\/deportes\/wp-json\/wp\/v2\/users\/15"}],"replies":[{"embeddable":true,"href":"https:\/\/www.cordobatimes.com\/deportes\/wp-json\/wp\/v2\/comments?post=25514"}],"version-history":[{"count":0,"href":"https:\/\/www.cordobatimes.com\/deportes\/wp-json\/wp\/v2\/posts\/25514\/revisions"}],"wp:featuredmedia":[{"embeddable":true,"href":"https:\/\/www.cordobatimes.com\/deportes\/wp-json\/wp\/v2\/media\/25515"}],"wp:attachment":[{"href":"https:\/\/www.cordobatimes.com\/deportes\/wp-json\/wp\/v2\/media?parent=25514"}],"wp:term":[{"taxonomy":"category","embeddable":true,"href":"https:\/\/www.cordobatimes.com\/deportes\/wp-json\/wp\/v2\/categories?post=25514"},{"taxonomy":"post_tag","embeddable":true,"href":"https:\/\/www.cordobatimes.com\/deportes\/wp-json\/wp\/v2\/tags?post=25514"}],"curies":[{"name":"wp","href":"https:\/\/api.w.org\/{rel}","templated":true}]}}