{"id":25415,"date":"2014-12-16T11:50:21","date_gmt":"2014-12-16T14:50:21","guid":{"rendered":"http:\/\/www.cordobatimes.com\/deportes\/?p=25415"},"modified":"2014-12-16T11:50:21","modified_gmt":"2014-12-16T14:50:21","slug":"mauro-camoranesi-hara-su-debut-como-dt","status":"publish","type":"post","link":"https:\/\/www.cordobatimes.com\/deportes\/futbol-internacional\/2014\/12\/16\/mauro-camoranesi-hara-su-debut-como-dt\/","title":{"rendered":"Mauro Camoranesi har\u00e1 su debut como DT"},"content":{"rendered":"<p style=\"text-align: center;\"><a href=\"http:\/\/www.cordobatimes.com\/deportes\/wp-content\/uploads\/2014\/12\/Camoranesi.jpg\"><img loading=\"lazy\" decoding=\"async\" class=\" wp-image-25416 aligncenter\" alt=\"Camoranesi\" src=\"http:\/\/www.cordobatimes.com\/deportes\/wp-content\/uploads\/2014\/12\/Camoranesi.jpg\" width=\"600\" height=\"398\" data-id=\"25416\" srcset=\"https:\/\/www.cordobatimes.com\/deportes\/wp-content\/uploads\/2014\/12\/Camoranesi.jpg 600w, https:\/\/www.cordobatimes.com\/deportes\/wp-content\/uploads\/2014\/12\/Camoranesi-300x199.jpg 300w\" sizes=\"auto, (max-width: 600px) 100vw, 600px\" \/><\/a><\/p>\n<h3 style=\"text-align: justify;\"><b>El ex volante argentino, campe\u00f3n del mundo con Italia en el Mundial de Alemania 2006, tendr\u00e1 su primera experiencia con el buzo de entrenador.<\/b><\/h3>\n<p style=\"text-align: justify;\">\n<p style=\"text-align: justify;\">\n<p style=\"text-align: justify;\">Mauro Camoranesi, volante argentino nacionalizado italiano, har\u00e1 su debut como t\u00e9cnico en el Deportivo Coras Tepic, de la liga de ascenso mexicana. As\u00ed lo inform\u00f3 su nuevo club en un comunicado oficial.<\/p>\n<p style=\"text-align: justify;\">Camoranesi, de 38 a\u00f1os y \u00faltimo paso en Racing Club, tuvo sus a\u00f1os de gloria jugando para la Juventus italiana. \u00a0La propia directiva mexicana afirm\u00f3: \u201ctiene una trayectoria por dem\u00e1s exitosa como jugador de f\u00fatbol profesional, la cual incluye un notable paso con el multicampe\u00f3n Juventus y un campeonato mundial con la selecci\u00f3n italiana en 2006\u201d.<\/p>\n<p style=\"text-align: justify;\">El tandilense jug\u00f3 en diferentes equipos de cinco pa\u00edses diferentes. Entre ellos podemos resaltar: Cruz Azul de M\u00e9xico (1998-2000), Verona (2002), Juventus (2002-2010), y Racing (2012-2014). Tambi\u00e9n jug\u00f3 en Lan\u00fas y en el Stuttgart de Alemania.<\/p>\n<p style=\"text-align: justify;\">El Coras Tepic viene de caer en la final de ascenso ante el Necaxa, y ahora buscar\u00e1 armarse parar lograr el objetivo el a\u00f1o pr\u00f3ximo.<\/p>\n","protected":false},"excerpt":{"rendered":"<p>El ex volante argentino, campe\u00f3n del mundo con Italia en el Mundial de Alemania 2006, tendr\u00e1 su primera experiencia con el buzo de entrenador. Mauro Camoranesi, volante argentino nacionalizado italiano, har\u00e1 su debut como t\u00e9cnico en el Deportivo Coras Tepic, de la liga de ascenso mexicana. As\u00ed lo inform\u00f3 su nuevo club en un comunicado [&hellip;]<\/p>\n","protected":false},"author":15,"featured_media":25416,"comment_status":"closed","ping_status":"closed","sticky":false,"template":"","format":"standard","meta":{"_seopress_robots_primary_cat":"","_seopress_titles_title":"","_seopress_titles_desc":"","_seopress_robots_index":"","footnotes":""},"categories":[18],"tags":[4668],"class_list":["post-25415","post","type-post","status-publish","format-standard","has-post-thumbnail","hentry","category-futbol-internacional","tag-mauro-camoranesi"],"_links":{"self":[{"href":"https:\/\/www.cordobatimes.com\/deportes\/wp-json\/wp\/v2\/posts\/25415","targetHints":{"allow":["GET"]}}],"collection":[{"href":"https:\/\/www.cordobatimes.com\/deportes\/wp-json\/wp\/v2\/posts"}],"about":[{"href":"https:\/\/www.cordobatimes.com\/deportes\/wp-json\/wp\/v2\/types\/post"}],"author":[{"embeddable":true,"href":"https:\/\/www.cordobatimes.com\/deportes\/wp-json\/wp\/v2\/users\/15"}],"replies":[{"embeddable":true,"href":"https:\/\/www.cordobatimes.com\/deportes\/wp-json\/wp\/v2\/comments?post=25415"}],"version-history":[{"count":0,"href":"https:\/\/www.cordobatimes.com\/deportes\/wp-json\/wp\/v2\/posts\/25415\/revisions"}],"wp:featuredmedia":[{"embeddable":true,"href":"https:\/\/www.cordobatimes.com\/deportes\/wp-json\/wp\/v2\/media\/25416"}],"wp:attachment":[{"href":"https:\/\/www.cordobatimes.com\/deportes\/wp-json\/wp\/v2\/media?parent=25415"}],"wp:term":[{"taxonomy":"category","embeddable":true,"href":"https:\/\/www.cordobatimes.com\/deportes\/wp-json\/wp\/v2\/categories?post=25415"},{"taxonomy":"post_tag","embeddable":true,"href":"https:\/\/www.cordobatimes.com\/deportes\/wp-json\/wp\/v2\/tags?post=25415"}],"curies":[{"name":"wp","href":"https:\/\/api.w.org\/{rel}","templated":true}]}}