{"id":25402,"date":"2014-12-16T10:42:01","date_gmt":"2014-12-16T13:42:01","guid":{"rendered":"http:\/\/www.cordobatimes.com\/deportes\/?p=25402"},"modified":"2014-12-16T10:42:01","modified_gmt":"2014-12-16T13:42:01","slug":"dybala-es-pretendido-por-el-borussia-dortmund","status":"publish","type":"post","link":"https:\/\/www.cordobatimes.com\/deportes\/futbol-internacional\/2014\/12\/16\/dybala-es-pretendido-por-el-borussia-dortmund\/","title":{"rendered":"Dybala es pretendido por el Borussia Dortmund"},"content":{"rendered":"<p style=\"text-align: center;\"><a href=\"http:\/\/www.cordobatimes.com\/deportes\/wp-content\/uploads\/2014\/12\/dybala.jpg\"><img loading=\"lazy\" decoding=\"async\" class=\" wp-image-25406 aligncenter\" alt=\"US Citta di Palermo v Reggina Calcio - Serie B\" src=\"http:\/\/www.cordobatimes.com\/deportes\/wp-content\/uploads\/2014\/12\/dybala.jpg\" width=\"594\" height=\"396\" data-id=\"25406\" srcset=\"https:\/\/www.cordobatimes.com\/deportes\/wp-content\/uploads\/2014\/12\/dybala.jpg 594w, https:\/\/www.cordobatimes.com\/deportes\/wp-content\/uploads\/2014\/12\/dybala-300x200.jpg 300w\" sizes=\"auto, (max-width: 594px) 100vw, 594px\" \/><\/a><\/p>\n<h3 style=\"text-align: justify;\"><b>El conjunto alem\u00e1n quiere hacerse con los servicios del delantero cordob\u00e9s en una cifra que rondar\u00eda los 48 millones de euros.<\/b><\/h3>\n<p style=\"text-align: justify;\">\n<p style=\"text-align: justify;\">\n<p style=\"text-align: justify;\">Ya no es una novedad que Paulo Dybala, ex Instituto, es pretendido por varios equipos grandes de Europa. En este caso es el Borussia Dortmund alem\u00e1n quien mostr\u00f3 inter\u00e9s, y \u00a0estar\u00eda dispuesto a abonarle al Palermo italiano una suma cercana a los 48 millones de euros para quedarse con la ficha del delantero argentino.<\/p>\n<p style=\"text-align: justify;\">Dybala, oriundo de la localidad cordobesa de Laguna Larga, surgi\u00f3 de las inferiores de Instituto, y actualmente es una de las revelaciones del campeonato italiano con siete goles en 15 partidos.<\/p>\n<p style=\"text-align: justify;\">De concretarse la venta, el Palermo recuperar\u00eda largamente la inversi\u00f3n que realiz\u00f3 por el delantero, al cual compro por 12 millones de d\u00f3lares a un grupo empresario que a su vez se lo hab\u00eda adquirido a Instituto a cambio de tres millones de d\u00f3lares.<\/p>\n","protected":false},"excerpt":{"rendered":"<p>El conjunto alem\u00e1n quiere hacerse con los servicios del delantero cordob\u00e9s en una cifra que rondar\u00eda los 48 millones de euros. Ya no es una novedad que Paulo Dybala, ex Instituto, es pretendido por varios equipos grandes de Europa. En este caso es el Borussia Dortmund alem\u00e1n quien mostr\u00f3 inter\u00e9s, y \u00a0estar\u00eda dispuesto a abonarle [&hellip;]<\/p>\n","protected":false},"author":15,"featured_media":25406,"comment_status":"closed","ping_status":"closed","sticky":false,"template":"","format":"standard","meta":{"_seopress_robots_primary_cat":"","_seopress_titles_title":"","_seopress_titles_desc":"","_seopress_robots_index":"","footnotes":""},"categories":[18],"tags":[805,3742,948,4531],"class_list":["post-25402","post","type-post","status-publish","format-standard","has-post-thumbnail","hentry","category-futbol-internacional","tag-borussia-dortmund","tag-futbol-europeo","tag-palermo","tag-paulo-dybala"],"_links":{"self":[{"href":"https:\/\/www.cordobatimes.com\/deportes\/wp-json\/wp\/v2\/posts\/25402","targetHints":{"allow":["GET"]}}],"collection":[{"href":"https:\/\/www.cordobatimes.com\/deportes\/wp-json\/wp\/v2\/posts"}],"about":[{"href":"https:\/\/www.cordobatimes.com\/deportes\/wp-json\/wp\/v2\/types\/post"}],"author":[{"embeddable":true,"href":"https:\/\/www.cordobatimes.com\/deportes\/wp-json\/wp\/v2\/users\/15"}],"replies":[{"embeddable":true,"href":"https:\/\/www.cordobatimes.com\/deportes\/wp-json\/wp\/v2\/comments?post=25402"}],"version-history":[{"count":0,"href":"https:\/\/www.cordobatimes.com\/deportes\/wp-json\/wp\/v2\/posts\/25402\/revisions"}],"wp:featuredmedia":[{"embeddable":true,"href":"https:\/\/www.cordobatimes.com\/deportes\/wp-json\/wp\/v2\/media\/25406"}],"wp:attachment":[{"href":"https:\/\/www.cordobatimes.com\/deportes\/wp-json\/wp\/v2\/media?parent=25402"}],"wp:term":[{"taxonomy":"category","embeddable":true,"href":"https:\/\/www.cordobatimes.com\/deportes\/wp-json\/wp\/v2\/categories?post=25402"},{"taxonomy":"post_tag","embeddable":true,"href":"https:\/\/www.cordobatimes.com\/deportes\/wp-json\/wp\/v2\/tags?post=25402"}],"curies":[{"name":"wp","href":"https:\/\/api.w.org\/{rel}","templated":true}]}}