{"id":25399,"date":"2014-12-16T10:17:30","date_gmt":"2014-12-16T13:17:30","guid":{"rendered":"http:\/\/www.cordobatimes.com\/deportes\/?p=25399"},"modified":"2014-12-16T10:17:30","modified_gmt":"2014-12-16T13:17:30","slug":"adios-a-un-grande-thierry-henry-se-retiro-del-futbol","status":"publish","type":"post","link":"https:\/\/www.cordobatimes.com\/deportes\/futbol-internacional\/2014\/12\/16\/adios-a-un-grande-thierry-henry-se-retiro-del-futbol\/","title":{"rendered":"Adi\u00f3s a un grande: Thierry Henry se retir\u00f3 del f\u00fatbol"},"content":{"rendered":"<h3><strong><a href=\"http:\/\/www.cordobatimes.com\/deportes\/wp-content\/uploads\/2014\/12\/Henry.jpg\"><img loading=\"lazy\" decoding=\"async\" class=\"size-large wp-image-25400 aligncenter\" alt=\"\" src=\"http:\/\/www.cordobatimes.com\/deportes\/wp-content\/uploads\/2014\/12\/Henry-1024x663.jpg\" width=\"1024\" height=\"663\" data-id=\"25400\" srcset=\"https:\/\/www.cordobatimes.com\/deportes\/wp-content\/uploads\/2014\/12\/Henry-1024x663.jpg 1024w, https:\/\/www.cordobatimes.com\/deportes\/wp-content\/uploads\/2014\/12\/Henry-300x194.jpg 300w\" sizes=\"auto, (max-width: 1024px) 100vw, 1024px\" \/><\/a><\/strong><\/h3>\n<h3><strong>A los 37 a\u00f1os, el astro franc\u00e9s anunci\u00f3 que deja la actividad profesional para dedicarse al periodismo: trabajar\u00e1 en Sky Sports, una cadena brit\u00e1nica. Visti\u00f3 las camisetas de Arsenal, Juventus, Barcelona y la selecci\u00f3n de Francia, entre otras.<\/strong><\/h3>\n<h3><\/h3>\n<p>Su \u00faltimo equipo fue el New York Red Bull, al cual no consigui\u00f3 guiar rumbo al campeonato ya que quedaron eliminados en las semifinales del torneo estadounidense.\u00a0Despu\u00e9s de 20 a\u00f1os en las canchas, decid\u00ed dejar el f\u00fatbol profesional&#8221;, comunic\u00f3 a trav\u00e9s de su p\u00e1gina oficial de Facebook.<\/p>\n<p>&#8220;Es tiempo para m\u00ed de tomar un camino diferente en mi carrera y estoy contento de anunciar que voy a volver a Londres para unirme a Sky Sports&#8221;, fue otra de las &#8220;noticias&#8221; que lanz\u00f3 el delantero, pieza importante en el logro conseguido por Francia en el Mundial 1998 y la Eurocopa del 2000.<\/p>\n<p>&#8220;Espero que ustedes vayan a tener el mismo placer al verme (en pantalla), que el que yo tuve jugando, en el otro lado&#8221;, cerr\u00f3 en el comunicado.<\/p>\n<p>Sus mejores 25 goles en Arsenal:<\/p>\n<p><iframe loading=\"lazy\" src=\"\/\/www.youtube.com\/embed\/ko5jBnTn9hU\" height=\"315\" width=\"420\" allowfullscreen=\"\" frameborder=\"0\"><\/iframe><\/p>\n","protected":false},"excerpt":{"rendered":"<p>A los 37 a\u00f1os, el astro franc\u00e9s anunci\u00f3 que deja la actividad profesional para dedicarse al periodismo: trabajar\u00e1 en Sky Sports, una cadena brit\u00e1nica. Visti\u00f3 las camisetas de Arsenal, Juventus, Barcelona y la selecci\u00f3n de Francia, entre otras. Su \u00faltimo equipo fue el New York Red Bull, al cual no consigui\u00f3 guiar rumbo al campeonato [&hellip;]<\/p>\n","protected":false},"author":2,"featured_media":25400,"comment_status":"closed","ping_status":"closed","sticky":false,"template":"","format":"standard","meta":{"_seopress_robots_primary_cat":"","_seopress_titles_title":"","_seopress_titles_desc":"","_seopress_robots_index":"","footnotes":""},"categories":[18],"tags":[4666,4664,1542,366,192,4665,4663],"class_list":["post-25399","post","type-post","status-publish","format-standard","has-post-thumbnail","hentry","category-futbol-internacional","tag-25-mejores-goles-en-arsenal","tag-crack","tag-fc-barcelona","tag-francia","tag-juventus","tag-se-despide-del-futbol","tag-thierry-henry"],"_links":{"self":[{"href":"https:\/\/www.cordobatimes.com\/deportes\/wp-json\/wp\/v2\/posts\/25399","targetHints":{"allow":["GET"]}}],"collection":[{"href":"https:\/\/www.cordobatimes.com\/deportes\/wp-json\/wp\/v2\/posts"}],"about":[{"href":"https:\/\/www.cordobatimes.com\/deportes\/wp-json\/wp\/v2\/types\/post"}],"author":[{"embeddable":true,"href":"https:\/\/www.cordobatimes.com\/deportes\/wp-json\/wp\/v2\/users\/2"}],"replies":[{"embeddable":true,"href":"https:\/\/www.cordobatimes.com\/deportes\/wp-json\/wp\/v2\/comments?post=25399"}],"version-history":[{"count":0,"href":"https:\/\/www.cordobatimes.com\/deportes\/wp-json\/wp\/v2\/posts\/25399\/revisions"}],"wp:featuredmedia":[{"embeddable":true,"href":"https:\/\/www.cordobatimes.com\/deportes\/wp-json\/wp\/v2\/media\/25400"}],"wp:attachment":[{"href":"https:\/\/www.cordobatimes.com\/deportes\/wp-json\/wp\/v2\/media?parent=25399"}],"wp:term":[{"taxonomy":"category","embeddable":true,"href":"https:\/\/www.cordobatimes.com\/deportes\/wp-json\/wp\/v2\/categories?post=25399"},{"taxonomy":"post_tag","embeddable":true,"href":"https:\/\/www.cordobatimes.com\/deportes\/wp-json\/wp\/v2\/tags?post=25399"}],"curies":[{"name":"wp","href":"https:\/\/api.w.org\/{rel}","templated":true}]}}