{"id":25347,"date":"2014-12-14T17:30:32","date_gmt":"2014-12-14T20:30:32","guid":{"rendered":"http:\/\/www.cordobatimes.com\/deportes\/?p=25347"},"modified":"2014-12-14T17:30:32","modified_gmt":"2014-12-14T20:30:32","slug":"sufre-velez-pratto-se-va-al-atletico-mineiro","status":"publish","type":"post","link":"https:\/\/www.cordobatimes.com\/deportes\/futbol\/2014\/12\/14\/sufre-velez-pratto-se-va-al-atletico-mineiro\/","title":{"rendered":"Sufre V\u00e9lez: Pratto se va al Atl\u00e9tico Mineiro"},"content":{"rendered":"<h3><strong><a href=\"http:\/\/www.cordobatimes.com\/deportes\/wp-content\/uploads\/2014\/08\/Pratto.jpg\"><img loading=\"lazy\" decoding=\"async\" class=\"size-full wp-image-18871 aligncenter\" alt=\"Pratto\" src=\"http:\/\/www.cordobatimes.com\/deportes\/wp-content\/uploads\/2014\/08\/Pratto.jpg\" width=\"960\" height=\"640\" data-id=\"18871\" srcset=\"https:\/\/www.cordobatimes.com\/deportes\/wp-content\/uploads\/2014\/08\/Pratto.jpg 960w, https:\/\/www.cordobatimes.com\/deportes\/wp-content\/uploads\/2014\/08\/Pratto-300x200.jpg 300w\" sizes=\"auto, (max-width: 960px) 100vw, 960px\" \/><\/a><\/strong><\/h3>\n<h3><strong>Se confirm\u00f3 que el delantero ser\u00e1 jugador del conjunto brasile\u00f1o. Lo har\u00e1 a cambio de 5 millones de d\u00f3lares. As\u00ed, el equipo de Liniers pierde a su gran figura.<\/strong><\/h3>\n<p>&nbsp;<\/p>\n<p>Luego de finalizar el Torneo de Transici\u00f3n, donde el Fort\u00edn tuvo un andar irregular, Lucas Pratto avis\u00f3 que quer\u00eda dejar la instituci\u00f3n para irse a jugar al exterior. Quiz\u00e1s el sue\u00f1o de Europa no se hizo posible pero el Oso se sumar\u00e1 a un f\u00fatbol en amplio crecimiento, con grandes figuras en los planteles.<\/p>\n<p>El interesado fue Atl\u00e9tico Mineiro, que desembolsar\u00e1 5 millones de d\u00f3lares por el ex Boca. Adem\u00e1s, ofreci\u00f3 a V\u00e9lez un 20% en concepto de &#8220;plusval\u00eda&#8221; que se utilizar\u00e1 solo en caso de una futura venta.<\/p>\n","protected":false},"excerpt":{"rendered":"<p>Se confirm\u00f3 que el delantero ser\u00e1 jugador del conjunto brasile\u00f1o. Lo har\u00e1 a cambio de 5 millones de d\u00f3lares. As\u00ed, el equipo de Liniers pierde a su gran figura. &nbsp; Luego de finalizar el Torneo de Transici\u00f3n, donde el Fort\u00edn tuvo un andar irregular, Lucas Pratto avis\u00f3 que quer\u00eda dejar la instituci\u00f3n para irse a [&hellip;]<\/p>\n","protected":false},"author":2,"featured_media":18871,"comment_status":"closed","ping_status":"closed","sticky":false,"template":"","format":"standard","meta":{"_seopress_robots_primary_cat":"","_seopress_titles_title":"","_seopress_titles_desc":"","_seopress_robots_index":"","footnotes":""},"categories":[2],"tags":[33,1169,125,217,214],"class_list":["post-25347","post","type-post","status-publish","format-standard","has-post-thumbnail","hentry","category-futbol","tag-afa","tag-atletico-mineiro","tag-brasil","tag-pratto","tag-velez"],"_links":{"self":[{"href":"https:\/\/www.cordobatimes.com\/deportes\/wp-json\/wp\/v2\/posts\/25347","targetHints":{"allow":["GET"]}}],"collection":[{"href":"https:\/\/www.cordobatimes.com\/deportes\/wp-json\/wp\/v2\/posts"}],"about":[{"href":"https:\/\/www.cordobatimes.com\/deportes\/wp-json\/wp\/v2\/types\/post"}],"author":[{"embeddable":true,"href":"https:\/\/www.cordobatimes.com\/deportes\/wp-json\/wp\/v2\/users\/2"}],"replies":[{"embeddable":true,"href":"https:\/\/www.cordobatimes.com\/deportes\/wp-json\/wp\/v2\/comments?post=25347"}],"version-history":[{"count":0,"href":"https:\/\/www.cordobatimes.com\/deportes\/wp-json\/wp\/v2\/posts\/25347\/revisions"}],"wp:featuredmedia":[{"embeddable":true,"href":"https:\/\/www.cordobatimes.com\/deportes\/wp-json\/wp\/v2\/media\/18871"}],"wp:attachment":[{"href":"https:\/\/www.cordobatimes.com\/deportes\/wp-json\/wp\/v2\/media?parent=25347"}],"wp:term":[{"taxonomy":"category","embeddable":true,"href":"https:\/\/www.cordobatimes.com\/deportes\/wp-json\/wp\/v2\/categories?post=25347"},{"taxonomy":"post_tag","embeddable":true,"href":"https:\/\/www.cordobatimes.com\/deportes\/wp-json\/wp\/v2\/tags?post=25347"}],"curies":[{"name":"wp","href":"https:\/\/api.w.org\/{rel}","templated":true}]}}