{"id":25334,"date":"2014-12-14T20:00:20","date_gmt":"2014-12-14T23:00:20","guid":{"rendered":"http:\/\/www.cordobatimes.com\/deportes\/?p=25334"},"modified":"2014-12-14T20:31:15","modified_gmt":"2014-12-14T23:31:15","slug":"huracan-atletico-tucuman-ultimo-boleto-a-primera","status":"publish","type":"post","link":"https:\/\/www.cordobatimes.com\/deportes\/futbol\/2014\/12\/14\/huracan-atletico-tucuman-ultimo-boleto-a-primera\/","title":{"rendered":"Hurac\u00e1n gole\u00f3 a Atl\u00e9tico Tucum\u00e1n y volvi\u00f3 a Primera"},"content":{"rendered":"<h3><a href=\"http:\/\/www.cordobatimes.com\/deportes\/wp-content\/uploads\/2014\/12\/Abila.jpg\"><img loading=\"lazy\" decoding=\"async\" class=\"size-full wp-image-25350 aligncenter\" alt=\"Abila\" src=\"http:\/\/www.cordobatimes.com\/deportes\/wp-content\/uploads\/2014\/12\/Abila.jpg\" width=\"650\" height=\"366\" data-id=\"25350\" srcset=\"https:\/\/www.cordobatimes.com\/deportes\/wp-content\/uploads\/2014\/12\/Abila.jpg 650w, https:\/\/www.cordobatimes.com\/deportes\/wp-content\/uploads\/2014\/12\/Abila-300x168.jpg 300w\" sizes=\"auto, (max-width: 650px) 100vw, 650px\" \/><\/a><\/h3>\n<h3>El Globo empez\u00f3 perdiendo por el gol de Men\u00e9ndez, pero Mancinelli, Romero Gamarra, Wanchope \u00c1bila y Torassa dieron vuelta el resultado para conseguir el \u00faltimo boleto a la m\u00e1xima categor\u00eda. Los tucumanos terminaron con 9 por las expulsiones de D\u00edaz y Calvi\u00f1o.<\/h3>\n<h3><\/h3>\n<p><iframe loading=\"lazy\" src=\"\/\/www.youtube.com\/embed\/zB0d04sR0Vw\" height=\"315\" width=\"560\" allowfullscreen=\"\" frameborder=\"0\"><\/iframe><\/p>\n<p><iframe loading=\"lazy\" src=\"\/\/www.youtube.com\/embed\/tvqRIHjmPEk\" height=\"315\" width=\"560\" allowfullscreen=\"\" frameborder=\"0\"><\/iframe><\/p>\n<p><iframe loading=\"lazy\" src=\"\/\/www.youtube.com\/embed\/MoyLIMUAa1g\" height=\"315\" width=\"560\" allowfullscreen=\"\" frameborder=\"0\"><\/iframe><\/p>\n<p><iframe loading=\"lazy\" src=\"\/\/www.youtube.com\/embed\/jmNky18CsGU\" height=\"315\" width=\"560\" allowfullscreen=\"\" frameborder=\"0\"><\/iframe><\/p>\n<p><iframe loading=\"lazy\" src=\"\/\/www.youtube.com\/embed\/h34nqmkMGDM\" height=\"315\" width=\"560\" allowfullscreen=\"\" frameborder=\"0\"><\/iframe><\/p>\n<h3><strong style=\"font-size: 1.5em;\">FORMACIONES<\/strong><\/h3>\n<p><b>Hurac\u00e1n:\u00a0<\/b>Marcos D\u00edaz; Federico Mancinelli, Rodrigo Erramuspe, Eduardo Dom\u00ednguez, Guillermo Sotelo; Federico Vismara, Lucas Villarruel, Patricio Toranzo; Cristian Espinoza, Ram\u00f3n \u00c1bila y Gonzalo Mart\u00ednez.\u00a0<b>DT:\u00a0<\/b>N\u00e9stor Apuzzo.<\/p>\n<div><b>Atl\u00e9tico Tucum\u00e1n:<\/b>\u00a0Lucas Calvi\u00f1o; Eduardo Casais, Bruno Bianchi, Franco Sbuttoni, Nicolas Romat; Jonathan G\u00f3mez, Pablo Garnier, Francisco Grahl, Guillermo Acosta; Cristian Men\u00e9ndez y Luis Rodr\u00edguez.\u00a0<b>DT:<\/b>\u00a0Juan Manuel Azconz\u00e1bal.<\/div>\n","protected":false},"excerpt":{"rendered":"<p>El Globo empez\u00f3 perdiendo por el gol de Men\u00e9ndez, pero Mancinelli, Romero Gamarra, Wanchope \u00c1bila y Torassa dieron vuelta el resultado para conseguir el \u00faltimo boleto a la m\u00e1xima categor\u00eda. Los tucumanos terminaron con 9 por las expulsiones de D\u00edaz y Calvi\u00f1o. FORMACIONES Hurac\u00e1n:\u00a0Marcos D\u00edaz; Federico Mancinelli, Rodrigo Erramuspe, Eduardo Dom\u00ednguez, Guillermo Sotelo; Federico Vismara, [&hellip;]<\/p>\n","protected":false},"author":2,"featured_media":25352,"comment_status":"closed","ping_status":"closed","sticky":false,"template":"","format":"standard","meta":{"_seopress_robots_primary_cat":"","_seopress_titles_title":"","_seopress_titles_desc":"","_seopress_robots_index":"","footnotes":""},"categories":[2,17,16],"tags":[33,349,34,4660],"class_list":["post-25334","post","type-post","status-publish","format-standard","has-post-thumbnail","hentry","category-futbol","category-nacional-b","category-primera-division","tag-afa","tag-ascenso","tag-b-nacional","tag-huracan-atletico-tucuman"],"_links":{"self":[{"href":"https:\/\/www.cordobatimes.com\/deportes\/wp-json\/wp\/v2\/posts\/25334","targetHints":{"allow":["GET"]}}],"collection":[{"href":"https:\/\/www.cordobatimes.com\/deportes\/wp-json\/wp\/v2\/posts"}],"about":[{"href":"https:\/\/www.cordobatimes.com\/deportes\/wp-json\/wp\/v2\/types\/post"}],"author":[{"embeddable":true,"href":"https:\/\/www.cordobatimes.com\/deportes\/wp-json\/wp\/v2\/users\/2"}],"replies":[{"embeddable":true,"href":"https:\/\/www.cordobatimes.com\/deportes\/wp-json\/wp\/v2\/comments?post=25334"}],"version-history":[{"count":0,"href":"https:\/\/www.cordobatimes.com\/deportes\/wp-json\/wp\/v2\/posts\/25334\/revisions"}],"wp:featuredmedia":[{"embeddable":true,"href":"https:\/\/www.cordobatimes.com\/deportes\/wp-json\/wp\/v2\/media\/25352"}],"wp:attachment":[{"href":"https:\/\/www.cordobatimes.com\/deportes\/wp-json\/wp\/v2\/media?parent=25334"}],"wp:term":[{"taxonomy":"category","embeddable":true,"href":"https:\/\/www.cordobatimes.com\/deportes\/wp-json\/wp\/v2\/categories?post=25334"},{"taxonomy":"post_tag","embeddable":true,"href":"https:\/\/www.cordobatimes.com\/deportes\/wp-json\/wp\/v2\/tags?post=25334"}],"curies":[{"name":"wp","href":"https:\/\/api.w.org\/{rel}","templated":true}]}}