{"id":25279,"date":"2014-12-12T08:38:35","date_gmt":"2014-12-12T11:38:35","guid":{"rendered":"http:\/\/www.cordobatimes.com\/deportes\/?p=25279"},"modified":"2014-12-13T13:32:36","modified_gmt":"2014-12-13T16:32:36","slug":"confirmaron-las-fechas-del-torneo-de-verano","status":"publish","type":"post","link":"https:\/\/www.cordobatimes.com\/deportes\/futbol\/2014\/12\/12\/confirmaron-las-fechas-del-torneo-de-verano\/","title":{"rendered":"Confirmaron las fechas del Torneo de Verano"},"content":{"rendered":"<h3><strong><a href=\"http:\/\/www.cordobatimes.com\/deportes\/wp-content\/uploads\/2014\/12\/rIVER-bOCA.jpg\"><img loading=\"lazy\" decoding=\"async\" class=\"size-full wp-image-25280 aligncenter\" alt=\"rIVER-bOCA\" src=\"http:\/\/www.cordobatimes.com\/deportes\/wp-content\/uploads\/2014\/12\/rIVER-bOCA.jpg\" width=\"670\" height=\"400\" data-id=\"25280\" srcset=\"https:\/\/www.cordobatimes.com\/deportes\/wp-content\/uploads\/2014\/12\/rIVER-bOCA.jpg 670w, https:\/\/www.cordobatimes.com\/deportes\/wp-content\/uploads\/2014\/12\/rIVER-bOCA-300x179.jpg 300w\" sizes=\"auto, (max-width: 670px) 100vw, 670px\" \/><\/a><\/strong><\/h3>\n<h3><strong>Antes de salir de vacaciones, los equipos que disputar\u00e1n campeonatos estivales ya conocen cuando y donde tendr\u00e1n que salir a la cancha. River &#8211; Boca se enfrentar\u00e1n en Mar del Plata y Mendoza, mientras que tambi\u00e9n habr\u00e1 clasicos de Avellaneda y La Plata. CRONOGRAMA COMPLETO.<\/strong><\/h3>\n<p>&nbsp;<\/p>\n<p><strong>Supercl\u00e1sicos<\/strong><\/p>\n<p>24\/01 River vs. Boca, a las 22.10, en Mar del Plata<\/p>\n<p>30\/01 River vs. Boca, a las 22.10, en Mendoza<\/p>\n<p><strong>Copa de Oro de Mar del Plata<\/strong><\/p>\n<p>15\/01 Independiente vs. Estudiantes, a las 22.10<\/p>\n<p>18\/01 River vs. Estudiantes, a las 22.10<\/p>\n<p>27\/01 River vs. Independiente, a las 22.10<\/p>\n<p><strong>Copa Ciudad de Mar del Plata<\/strong><\/p>\n<p>17\/01 Boca vs. Racing, a las 22.10<\/p>\n<p>20\/01 Boca vs. V\u00e9lez, a las 22.10<\/p>\n<p>25\/01 V\u00e9lez vs. Racing, a las 22.10<\/p>\n<p><strong>Copa Ciudad de Avellaneda (en Mar del Plata)<\/strong><\/p>\n<p>1\/02 Racing vs. Independiente, a las 22.10<\/p>\n<p><strong>Copa Ciudad de La Plata (en Mar del Plata)<\/strong><\/p>\n<p>31\/01 Estudiantes vs. Gimnasia<\/p>\n","protected":false},"excerpt":{"rendered":"<p>Antes de salir de vacaciones, los equipos que disputar\u00e1n campeonatos estivales ya conocen cuando y donde tendr\u00e1n que salir a la cancha. River &#8211; Boca se enfrentar\u00e1n en Mar del Plata y Mendoza, mientras que tambi\u00e9n habr\u00e1 clasicos de Avellaneda y La Plata. CRONOGRAMA COMPLETO. &nbsp; Supercl\u00e1sicos 24\/01 River vs. Boca, a las 22.10, en [&hellip;]<\/p>\n","protected":false},"author":2,"featured_media":25280,"comment_status":"closed","ping_status":"closed","sticky":false,"template":"","format":"standard","meta":{"_seopress_robots_primary_cat":"","_seopress_titles_title":"","_seopress_titles_desc":"","_seopress_robots_index":"","footnotes":""},"categories":[2],"tags":[33,4646,1496,3643,65,96,1337,1771,106,2336],"class_list":["post-25279","post","type-post","status-publish","format-standard","has-post-thumbnail","hentry","category-futbol","tag-afa","tag-copas-de-verano","tag-cronograma","tag-fechas","tag-independiente","tag-la-plata","tag-mar-del-plata","tag-mendoza","tag-racing","tag-river-boca"],"_links":{"self":[{"href":"https:\/\/www.cordobatimes.com\/deportes\/wp-json\/wp\/v2\/posts\/25279","targetHints":{"allow":["GET"]}}],"collection":[{"href":"https:\/\/www.cordobatimes.com\/deportes\/wp-json\/wp\/v2\/posts"}],"about":[{"href":"https:\/\/www.cordobatimes.com\/deportes\/wp-json\/wp\/v2\/types\/post"}],"author":[{"embeddable":true,"href":"https:\/\/www.cordobatimes.com\/deportes\/wp-json\/wp\/v2\/users\/2"}],"replies":[{"embeddable":true,"href":"https:\/\/www.cordobatimes.com\/deportes\/wp-json\/wp\/v2\/comments?post=25279"}],"version-history":[{"count":0,"href":"https:\/\/www.cordobatimes.com\/deportes\/wp-json\/wp\/v2\/posts\/25279\/revisions"}],"wp:featuredmedia":[{"embeddable":true,"href":"https:\/\/www.cordobatimes.com\/deportes\/wp-json\/wp\/v2\/media\/25280"}],"wp:attachment":[{"href":"https:\/\/www.cordobatimes.com\/deportes\/wp-json\/wp\/v2\/media?parent=25279"}],"wp:term":[{"taxonomy":"category","embeddable":true,"href":"https:\/\/www.cordobatimes.com\/deportes\/wp-json\/wp\/v2\/categories?post=25279"},{"taxonomy":"post_tag","embeddable":true,"href":"https:\/\/www.cordobatimes.com\/deportes\/wp-json\/wp\/v2\/tags?post=25279"}],"curies":[{"name":"wp","href":"https:\/\/api.w.org\/{rel}","templated":true}]}}