{"id":25237,"date":"2014-12-10T18:42:22","date_gmt":"2014-12-10T21:42:22","guid":{"rendered":"http:\/\/www.cordobatimes.com\/deportes\/?p=25237"},"modified":"2014-12-10T18:42:52","modified_gmt":"2014-12-10T21:42:52","slug":"comenzaron-a-vender-el-cesped-de-la-bombonera","status":"publish","type":"post","link":"https:\/\/www.cordobatimes.com\/deportes\/futbol\/2014\/12\/10\/comenzaron-a-vender-el-cesped-de-la-bombonera\/","title":{"rendered":"Comenzaron a vender el cesped de la &#8220;Bombonera&#8221;"},"content":{"rendered":"<p><iframe loading=\"lazy\" src=\"\/\/www.youtube.com\/embed\/4suGmPUYN9A\" height=\"415\" width=\"600\" allowfullscreen=\"\" frameborder=\"0\"><\/iframe><\/p>\n<p><strong>El club de la rivera comenz\u00f3 a comercializar esta ma\u00f1ana el c\u00e9sped que retir\u00f3 de su cancha principal para cambiarlo. Unos 500 hinchas adquirieron su \u201cporci\u00f3n de la Bombonera\u201d a cambio de $200 en el primer d\u00eda de esta venta que se extender\u00e1 hasta fin de a\u00f1o o hasta agotar el stock de las 10 mil macetas disponibles.<\/strong><\/p>\n<p>&nbsp;<\/p>\n<p>&nbsp;<\/p>\n","protected":false},"excerpt":{"rendered":"<p>El club de la rivera comenz\u00f3 a comercializar esta ma\u00f1ana el c\u00e9sped que retir\u00f3 de su cancha principal para cambiarlo. Unos 500 hinchas adquirieron su \u201cporci\u00f3n de la Bombonera\u201d a cambio de $200 en el primer d\u00eda de esta venta que se extender\u00e1 hasta fin de a\u00f1o o hasta agotar el stock de las 10 [&hellip;]<\/p>\n","protected":false},"author":1,"featured_media":25238,"comment_status":"closed","ping_status":"closed","sticky":false,"template":"","format":"standard","meta":{"_seopress_robots_primary_cat":"","_seopress_titles_title":"","_seopress_titles_desc":"","_seopress_robots_index":"","footnotes":""},"categories":[2,16],"tags":[52,1061,4639,80],"class_list":["post-25237","post","type-post","status-publish","format-standard","has-post-thumbnail","hentry","category-futbol","category-primera-division","tag-boca","tag-bombonera","tag-venta-de-cesped","tag-video"],"_links":{"self":[{"href":"https:\/\/www.cordobatimes.com\/deportes\/wp-json\/wp\/v2\/posts\/25237","targetHints":{"allow":["GET"]}}],"collection":[{"href":"https:\/\/www.cordobatimes.com\/deportes\/wp-json\/wp\/v2\/posts"}],"about":[{"href":"https:\/\/www.cordobatimes.com\/deportes\/wp-json\/wp\/v2\/types\/post"}],"author":[{"embeddable":true,"href":"https:\/\/www.cordobatimes.com\/deportes\/wp-json\/wp\/v2\/users\/1"}],"replies":[{"embeddable":true,"href":"https:\/\/www.cordobatimes.com\/deportes\/wp-json\/wp\/v2\/comments?post=25237"}],"version-history":[{"count":0,"href":"https:\/\/www.cordobatimes.com\/deportes\/wp-json\/wp\/v2\/posts\/25237\/revisions"}],"wp:featuredmedia":[{"embeddable":true,"href":"https:\/\/www.cordobatimes.com\/deportes\/wp-json\/wp\/v2\/media\/25238"}],"wp:attachment":[{"href":"https:\/\/www.cordobatimes.com\/deportes\/wp-json\/wp\/v2\/media?parent=25237"}],"wp:term":[{"taxonomy":"category","embeddable":true,"href":"https:\/\/www.cordobatimes.com\/deportes\/wp-json\/wp\/v2\/categories?post=25237"},{"taxonomy":"post_tag","embeddable":true,"href":"https:\/\/www.cordobatimes.com\/deportes\/wp-json\/wp\/v2\/tags?post=25237"}],"curies":[{"name":"wp","href":"https:\/\/api.w.org\/{rel}","templated":true}]}}