{"id":25170,"date":"2014-12-09T10:36:10","date_gmt":"2014-12-09T13:36:10","guid":{"rendered":"http:\/\/www.cordobatimes.com\/deportes\/?p=25170"},"modified":"2014-12-09T10:36:10","modified_gmt":"2014-12-09T13:36:10","slug":"miguel-angel-russo-vuelve-a-velez","status":"publish","type":"post","link":"https:\/\/www.cordobatimes.com\/deportes\/futbol\/2014\/12\/09\/miguel-angel-russo-vuelve-a-velez\/","title":{"rendered":"Miguel \u00c1ngel Russo vuelve a V\u00e9lez"},"content":{"rendered":"<p style=\"text-align: center;\"><a href=\"http:\/\/www.cordobatimes.com\/deportes\/wp-content\/uploads\/2014\/12\/RUSO.jpg\"><img loading=\"lazy\" decoding=\"async\" class=\"size-full wp-image-25173 aligncenter\" alt=\"RUSO\" src=\"http:\/\/www.cordobatimes.com\/deportes\/wp-content\/uploads\/2014\/12\/RUSO.jpg\" width=\"620\" height=\"413\" data-id=\"25173\" srcset=\"https:\/\/www.cordobatimes.com\/deportes\/wp-content\/uploads\/2014\/12\/RUSO.jpg 620w, https:\/\/www.cordobatimes.com\/deportes\/wp-content\/uploads\/2014\/12\/RUSO-300x199.jpg 300w\" sizes=\"auto, (max-width: 620px) 100vw, 620px\" \/><\/a><\/p>\n<h3 style=\"text-align: justify;\"><b>El ex entrenador de Rosario Central tendr\u00e1 su segundo ciclo en el club de Liniers en reemplazo del Turu Flores. Su contrato ser\u00eda por dos a\u00f1os.<\/b><\/h3>\n<p style=\"text-align: justify;\">\n<p style=\"text-align: justify;\">\n<p style=\"text-align: justify;\">Miguel \u00c1ngel Russo asumir\u00e1 como director t\u00e9cnico de V\u00e9lez luego de llegar a un acuerdo con Ra\u00fal G\u00e1mez, presidente de la instituci\u00f3n, para tomar el lugar que qued\u00f3 bacante luego de la salida de Jos\u00e9 Flores.<\/p>\n<p style=\"text-align: justify;\">Luego de su alejamiento de Central, el t\u00e9cnico tendr\u00e1 su segundo ciclo en el Fort\u00edn, donde dej\u00f3 una buena imagen tras consagrarse campe\u00f3n del Clausura 2005.<\/p>\n<p style=\"text-align: justify;\">\u201cTenemos puestas las esperanzas de que nos va a llevar por el mejor camino; tiene las cosas que nos conforman para este momento\u201d, declar\u00f3 G\u00e1mez una vez conocida la noticia. Luego anticipo que el v\u00ednculo, que todav\u00eda no est\u00e1 firmado, ser\u00eda por dos a\u00f1os.<\/p>\n","protected":false},"excerpt":{"rendered":"<p>El ex entrenador de Rosario Central tendr\u00e1 su segundo ciclo en el club de Liniers en reemplazo del Turu Flores. Su contrato ser\u00eda por dos a\u00f1os. Miguel \u00c1ngel Russo asumir\u00e1 como director t\u00e9cnico de V\u00e9lez luego de llegar a un acuerdo con Ra\u00fal G\u00e1mez, presidente de la instituci\u00f3n, para tomar el lugar que qued\u00f3 bacante [&hellip;]<\/p>\n","protected":false},"author":15,"featured_media":25173,"comment_status":"closed","ping_status":"closed","sticky":false,"template":"","format":"standard","meta":{"_seopress_robots_primary_cat":"","_seopress_titles_title":"","_seopress_titles_desc":"","_seopress_robots_index":"","footnotes":""},"categories":[2,16],"tags":[33,1670,105,214],"class_list":["post-25170","post","type-post","status-publish","format-standard","has-post-thumbnail","hentry","category-futbol","category-primera-division","tag-afa","tag-miguel-angel-russo","tag-primera-division-2","tag-velez"],"_links":{"self":[{"href":"https:\/\/www.cordobatimes.com\/deportes\/wp-json\/wp\/v2\/posts\/25170","targetHints":{"allow":["GET"]}}],"collection":[{"href":"https:\/\/www.cordobatimes.com\/deportes\/wp-json\/wp\/v2\/posts"}],"about":[{"href":"https:\/\/www.cordobatimes.com\/deportes\/wp-json\/wp\/v2\/types\/post"}],"author":[{"embeddable":true,"href":"https:\/\/www.cordobatimes.com\/deportes\/wp-json\/wp\/v2\/users\/15"}],"replies":[{"embeddable":true,"href":"https:\/\/www.cordobatimes.com\/deportes\/wp-json\/wp\/v2\/comments?post=25170"}],"version-history":[{"count":0,"href":"https:\/\/www.cordobatimes.com\/deportes\/wp-json\/wp\/v2\/posts\/25170\/revisions"}],"wp:featuredmedia":[{"embeddable":true,"href":"https:\/\/www.cordobatimes.com\/deportes\/wp-json\/wp\/v2\/media\/25173"}],"wp:attachment":[{"href":"https:\/\/www.cordobatimes.com\/deportes\/wp-json\/wp\/v2\/media?parent=25170"}],"wp:term":[{"taxonomy":"category","embeddable":true,"href":"https:\/\/www.cordobatimes.com\/deportes\/wp-json\/wp\/v2\/categories?post=25170"},{"taxonomy":"post_tag","embeddable":true,"href":"https:\/\/www.cordobatimes.com\/deportes\/wp-json\/wp\/v2\/tags?post=25170"}],"curies":[{"name":"wp","href":"https:\/\/api.w.org\/{rel}","templated":true}]}}