{"id":25000,"date":"2014-12-06T19:05:02","date_gmt":"2014-12-06T22:05:02","guid":{"rendered":"http:\/\/www.cordobatimes.com\/deportes\/?p=25000"},"modified":"2014-12-07T12:49:34","modified_gmt":"2014-12-07T15:49:34","slug":"objetivo-sudamericana-rafaela-y-arsenal-se-miden-buscando-un-lugar","status":"publish","type":"post","link":"https:\/\/www.cordobatimes.com\/deportes\/futbol\/2014\/12\/06\/objetivo-sudamericana-rafaela-y-arsenal-se-miden-buscando-un-lugar\/","title":{"rendered":"Arsenal gole\u00f3 a Rafaela y busca un lugar en la Sudamericana"},"content":{"rendered":"<h3 style=\"text-align: justify;\"><strong><a href=\"http:\/\/www.cordobatimes.com\/deportes\/wp-content\/uploads\/2014\/12\/aleman.jpg\"><img loading=\"lazy\" decoding=\"async\" class=\"alignnone size-full wp-image-25010\" style=\"margin: 5px;\" alt=\"aleman\" src=\"http:\/\/www.cordobatimes.com\/deportes\/wp-content\/uploads\/2014\/12\/aleman.jpg\" width=\"680\" height=\"357\" data-id=\"25010\" srcset=\"https:\/\/www.cordobatimes.com\/deportes\/wp-content\/uploads\/2014\/12\/aleman.jpg 680w, https:\/\/www.cordobatimes.com\/deportes\/wp-content\/uploads\/2014\/12\/aleman-300x157.jpg 300w\" sizes=\"auto, (max-width: 680px) 100vw, 680px\" \/><\/a>El equipo del Viaducto\u00a0cerr\u00f3 la temporada con un aplastante 6-1 ante la &#8220;Crema&#8221; en Santa Fe, abriendo una puerta para meterse en la Copa.\u00a0Para ello, debe esperar a que Newell\u00b4s no le gane este domingo a Lan\u00fas. Goles: Alem\u00e1n, por duplicado,\u00a0Zelaya, Sebasti\u00e1n Palacios, Chimino y Godoy marcaron para los de Sarand\u00ed; Orsini descont\u00f3 para el local.<\/strong><\/h3>\n<p>&nbsp;<\/p>\n<p><strong>\u00a0<\/strong><iframe loading=\"lazy\" src=\"\/\/www.youtube.com\/embed\/HtaoTlPVzII\" height=\"315\" width=\"100%\" allowfullscreen=\"\" frameborder=\"0\"><\/iframe><\/p>\n<p><iframe loading=\"lazy\" src=\"\/\/www.youtube.com\/embed\/Iinmpm0PLkI\" height=\"315\" width=\"100%\" allowfullscreen=\"\" frameborder=\"0\"><\/iframe><\/p>\n<p><iframe loading=\"lazy\" src=\"\/\/www.youtube.com\/embed\/m5YsaM65PkU\" height=\"315\" width=\"100%\" allowfullscreen=\"\" frameborder=\"0\"><\/iframe><\/p>\n<p><iframe loading=\"lazy\" src=\"\/\/www.youtube.com\/embed\/vuxC4bIq6X4\" height=\"315\" width=\"100%\" allowfullscreen=\"\" frameborder=\"0\"><\/iframe><\/p>\n<p><iframe loading=\"lazy\" src=\"\/\/www.youtube.com\/embed\/E8LfEqV6eVU\" height=\"315\" width=\"100%\" allowfullscreen=\"\" frameborder=\"0\"><\/iframe><\/p>\n<p><iframe loading=\"lazy\" src=\"\/\/www.youtube.com\/embed\/CWV5uY28w6g\" height=\"315\" width=\"100%\" allowfullscreen=\"\" frameborder=\"0\"><\/iframe><\/p>\n<p><iframe loading=\"lazy\" src=\"\/\/www.youtube.com\/embed\/mcdCGgHb2us\" height=\"315\" width=\"100%\" allowfullscreen=\"\" frameborder=\"0\"><\/iframe><\/p>\n","protected":false},"excerpt":{"rendered":"<p>El equipo del Viaducto\u00a0cerr\u00f3 la temporada con un aplastante 6-1 ante la &#8220;Crema&#8221; en Santa Fe, abriendo una puerta para meterse en la Copa.\u00a0Para ello, debe esperar a que Newell\u00b4s no le gane este domingo a Lan\u00fas. Goles: Alem\u00e1n, por duplicado,\u00a0Zelaya, Sebasti\u00e1n Palacios, Chimino y Godoy marcaron para los de Sarand\u00ed; Orsini descont\u00f3 para el [&hellip;]<\/p>\n","protected":false},"author":5,"featured_media":25010,"comment_status":"closed","ping_status":"closed","sticky":false,"template":"","format":"standard","meta":{"_seopress_robots_primary_cat":"","_seopress_titles_title":"","_seopress_titles_desc":"","_seopress_robots_index":"","footnotes":""},"categories":[2,16],"tags":[33,4603,5570,2115,4602],"class_list":["post-25000","post","type-post","status-publish","format-standard","has-post-thumbnail","hentry","category-futbol","category-primera-division","tag-afa","tag-brahian-aleman","tag-copa-sudamericana","tag-previa","tag-rafaela-arsenal"],"_links":{"self":[{"href":"https:\/\/www.cordobatimes.com\/deportes\/wp-json\/wp\/v2\/posts\/25000","targetHints":{"allow":["GET"]}}],"collection":[{"href":"https:\/\/www.cordobatimes.com\/deportes\/wp-json\/wp\/v2\/posts"}],"about":[{"href":"https:\/\/www.cordobatimes.com\/deportes\/wp-json\/wp\/v2\/types\/post"}],"author":[{"embeddable":true,"href":"https:\/\/www.cordobatimes.com\/deportes\/wp-json\/wp\/v2\/users\/5"}],"replies":[{"embeddable":true,"href":"https:\/\/www.cordobatimes.com\/deportes\/wp-json\/wp\/v2\/comments?post=25000"}],"version-history":[{"count":0,"href":"https:\/\/www.cordobatimes.com\/deportes\/wp-json\/wp\/v2\/posts\/25000\/revisions"}],"wp:featuredmedia":[{"embeddable":true,"href":"https:\/\/www.cordobatimes.com\/deportes\/wp-json\/wp\/v2\/media\/25010"}],"wp:attachment":[{"href":"https:\/\/www.cordobatimes.com\/deportes\/wp-json\/wp\/v2\/media?parent=25000"}],"wp:term":[{"taxonomy":"category","embeddable":true,"href":"https:\/\/www.cordobatimes.com\/deportes\/wp-json\/wp\/v2\/categories?post=25000"},{"taxonomy":"post_tag","embeddable":true,"href":"https:\/\/www.cordobatimes.com\/deportes\/wp-json\/wp\/v2\/tags?post=25000"}],"curies":[{"name":"wp","href":"https:\/\/api.w.org\/{rel}","templated":true}]}}