{"id":24989,"date":"2014-12-07T02:55:22","date_gmt":"2014-12-07T05:55:22","guid":{"rendered":"http:\/\/www.cordobatimes.com\/deportes\/?p=24989"},"modified":"2014-12-07T03:15:24","modified_gmt":"2014-12-07T06:15:24","slug":"por-la-ultima-fecha-de-la-b-nacional-instituto-visita-a-guarani-antonio-franco","status":"publish","type":"post","link":"https:\/\/www.cordobatimes.com\/deportes\/futbol\/2014\/12\/07\/por-la-ultima-fecha-de-la-b-nacional-instituto-visita-a-guarani-antonio-franco\/","title":{"rendered":"Instituto venci\u00f3 a Guaran\u00ed Antonio Franco"},"content":{"rendered":"<h3><strong><a href=\"http:\/\/www.cordobatimes.com\/deportes\/wp-content\/uploads\/2014\/12\/Instituto.png\"><img loading=\"lazy\" decoding=\"async\" class=\"size-full wp-image-24990 aligncenter\" alt=\"Instituto\" src=\"http:\/\/www.cordobatimes.com\/deportes\/wp-content\/uploads\/2014\/12\/Instituto.png\" width=\"597\" height=\"266\" data-id=\"24990\" srcset=\"https:\/\/www.cordobatimes.com\/deportes\/wp-content\/uploads\/2014\/12\/Instituto.png 597w, https:\/\/www.cordobatimes.com\/deportes\/wp-content\/uploads\/2014\/12\/Instituto-300x133.png 300w\" sizes=\"auto, (max-width: 597px) 100vw, 597px\" \/><\/a><\/strong><\/h3>\n<h3><strong>Con goles de Gustavo Gotti y Christian Bernardi, la Gloria consigui\u00f3 tres puntos en condici\u00f3n de visitante para terminar al menos ganando en un torneo que le fue esquivo. El descuento fue de Jorge Pi\u00f1ero da Silva.<\/strong><\/h3>\n<p>&nbsp;<\/p>\n<h2>FORMACIONES<\/h2>\n<p><strong>Guaran\u00ed A. Franco<\/strong>: Jorge De Olivera; Roberto Russo, Cristian Godoy, Alan Vester, Eli\u00e1n Kopp; Exequiel Narese, Osvaldo Young, Milton Z\u00e1rate, Sergio Sagarzazu; Luis Silba, Jorge Pi\u00f1ero da Silva. DT: Jos\u00e9 Mar\u00eda Bianco.<\/p>\n<p><strong>Instituto<\/strong>: Rodrigo Barucco; Jonathan Gallardo, Abel Masuero, Dami\u00e1n Schmidt, Leandro Sapetti; Guido Mainero, Maximiliano Correa, Marcos Aguirre, Christian Bernardi; Gustavo Gotti, Nicol\u00e1s Mazzola. DT: Carlos Mazzola.<\/p>\n","protected":false},"excerpt":{"rendered":"<p>Con goles de Gustavo Gotti y Christian Bernardi, la Gloria consigui\u00f3 tres puntos en condici\u00f3n de visitante para terminar al menos ganando en un torneo que le fue esquivo. El descuento fue de Jorge Pi\u00f1ero da Silva. &nbsp; FORMACIONES Guaran\u00ed A. Franco: Jorge De Olivera; Roberto Russo, Cristian Godoy, Alan Vester, Eli\u00e1n Kopp; Exequiel Narese, [&hellip;]<\/p>\n","protected":false},"author":2,"featured_media":24990,"comment_status":"closed","ping_status":"closed","sticky":false,"template":"","format":"standard","meta":{"_seopress_robots_primary_cat":"","_seopress_titles_title":"","_seopress_titles_desc":"","_seopress_robots_index":"","footnotes":""},"categories":[2,17],"tags":[33,34,169,4598,4597,585],"class_list":["post-24989","post","type-post","status-publish","format-standard","has-post-thumbnail","hentry","category-futbol","category-nacional-b","tag-afa","tag-b-nacional","tag-cordoba","tag-iacc","tag-instituto-guarani-antonio-franco","tag-misiones"],"_links":{"self":[{"href":"https:\/\/www.cordobatimes.com\/deportes\/wp-json\/wp\/v2\/posts\/24989","targetHints":{"allow":["GET"]}}],"collection":[{"href":"https:\/\/www.cordobatimes.com\/deportes\/wp-json\/wp\/v2\/posts"}],"about":[{"href":"https:\/\/www.cordobatimes.com\/deportes\/wp-json\/wp\/v2\/types\/post"}],"author":[{"embeddable":true,"href":"https:\/\/www.cordobatimes.com\/deportes\/wp-json\/wp\/v2\/users\/2"}],"replies":[{"embeddable":true,"href":"https:\/\/www.cordobatimes.com\/deportes\/wp-json\/wp\/v2\/comments?post=24989"}],"version-history":[{"count":0,"href":"https:\/\/www.cordobatimes.com\/deportes\/wp-json\/wp\/v2\/posts\/24989\/revisions"}],"wp:featuredmedia":[{"embeddable":true,"href":"https:\/\/www.cordobatimes.com\/deportes\/wp-json\/wp\/v2\/media\/24990"}],"wp:attachment":[{"href":"https:\/\/www.cordobatimes.com\/deportes\/wp-json\/wp\/v2\/media?parent=24989"}],"wp:term":[{"taxonomy":"category","embeddable":true,"href":"https:\/\/www.cordobatimes.com\/deportes\/wp-json\/wp\/v2\/categories?post=24989"},{"taxonomy":"post_tag","embeddable":true,"href":"https:\/\/www.cordobatimes.com\/deportes\/wp-json\/wp\/v2\/tags?post=24989"}],"curies":[{"name":"wp","href":"https:\/\/api.w.org\/{rel}","templated":true}]}}