{"id":24843,"date":"2014-12-02T11:57:01","date_gmt":"2014-12-02T14:57:01","guid":{"rendered":"http:\/\/www.cordobatimes.com\/deportes\/?p=24843"},"modified":"2014-12-02T11:57:01","modified_gmt":"2014-12-02T14:57:01","slug":"el-plantel-de-river-arribo-a-medellin","status":"publish","type":"post","link":"https:\/\/www.cordobatimes.com\/deportes\/futbol\/2014\/12\/02\/el-plantel-de-river-arribo-a-medellin\/","title":{"rendered":"El plantel de River arrib\u00f3 a Medell\u00edn"},"content":{"rendered":"<p style=\"text-align: center;\"><a href=\"http:\/\/www.cordobatimes.com\/deportes\/wp-content\/uploads\/2014\/12\/RIver-Colombia.jpg\"><img loading=\"lazy\" decoding=\"async\" class=\"size-full wp-image-24844 aligncenter\" alt=\"RIver Colombia\" src=\"http:\/\/www.cordobatimes.com\/deportes\/wp-content\/uploads\/2014\/12\/RIver-Colombia.jpg\" width=\"640\" height=\"360\" data-id=\"24844\" srcset=\"https:\/\/www.cordobatimes.com\/deportes\/wp-content\/uploads\/2014\/12\/RIver-Colombia.jpg 640w, https:\/\/www.cordobatimes.com\/deportes\/wp-content\/uploads\/2014\/12\/RIver-Colombia-300x168.jpg 300w\" sizes=\"auto, (max-width: 640px) 100vw, 640px\" \/><\/a><\/p>\n<h3 style=\"text-align: justify;\"><b>El conjunto de N\u00fa\u00f1ez pis\u00f3 suelo millonario a la madrugada; por la tarde har\u00e1n el reconocimiento de campo. Ma\u00f1ana, desde las 21.15, juega la ida de la final de la Copa Sudamericana. <\/b><\/h3>\n<p style=\"text-align: justify;\">\n<p style=\"text-align: justify;\">\n<p style=\"text-align: justify;\">La delegaci\u00f3n de River lleg\u00f3 cerca de las 4.15 de la madrugada colombiana a Medell\u00edn, donde ma\u00f1ana a las 21.15 se enfrentar\u00e1 a Atl\u00e9tico Nacional en el primer partido de esta definici\u00f3n de la Copa Sudamericana.<\/p>\n<p style=\"text-align: justify;\">Luego de descansar, y tras el almuerzo, el plantel se trasladar\u00e1 al estadio Atanasio Girardot para llevar a cabo el reconocimiento de campo. El conjunto dirigido por Marcelo Gallardo se est\u00e1 hospedando en el hotel San Fernando Plaza, y emprender\u00e1 su retorno hacia la Argentina en un vuelo ch\u00e1rter una vez finalizado el partido.<\/p>\n<p style=\"text-align: justify;\">Si bien todav\u00eda no se confirm\u00f3 la alineaci\u00f3n, River saldr\u00eda a la cancha con: Barovero; Maidana, Pezzella, Funes Mori y Vangioni; Carlos S\u00e1nchez, Leo Ponzio y Ariel Rojas; Leonardo Pisculichi; Rodrigo Mora y Te\u00f3filo Guti\u00e9rrez.<\/p>\n<p style=\"text-align: justify;\">El resto de los futbolistas viajaron son: Julio Chiarini, Mercado, Bruno Urribarri, Emanuel Mammana, Mat\u00edas Kranevitter, Augusto Solari, Osmar Ferreyra, Sebasti\u00e1n Driussi, Fernando Cavenaghi y Giovanni Simeone.<\/p>\n<p>&nbsp;<\/p>\n","protected":false},"excerpt":{"rendered":"<p>El conjunto de N\u00fa\u00f1ez pis\u00f3 suelo millonario a la madrugada; por la tarde har\u00e1n el reconocimiento de campo. Ma\u00f1ana, desde las 21.15, juega la ida de la final de la Copa Sudamericana. La delegaci\u00f3n de River lleg\u00f3 cerca de las 4.15 de la madrugada colombiana a Medell\u00edn, donde ma\u00f1ana a las 21.15 se enfrentar\u00e1 a [&hellip;]<\/p>\n","protected":false},"author":15,"featured_media":24844,"comment_status":"closed","ping_status":"closed","sticky":false,"template":"","format":"standard","meta":{"_seopress_robots_primary_cat":"","_seopress_titles_title":"","_seopress_titles_desc":"","_seopress_robots_index":"","footnotes":""},"categories":[23,2],"tags":[5570,925,4542,74],"class_list":["post-24843","post","type-post","status-publish","format-standard","has-post-thumbnail","hentry","category-copa-sudamericana","category-futbol","tag-copa-sudamericana","tag-final","tag-medellin","tag-river"],"_links":{"self":[{"href":"https:\/\/www.cordobatimes.com\/deportes\/wp-json\/wp\/v2\/posts\/24843","targetHints":{"allow":["GET"]}}],"collection":[{"href":"https:\/\/www.cordobatimes.com\/deportes\/wp-json\/wp\/v2\/posts"}],"about":[{"href":"https:\/\/www.cordobatimes.com\/deportes\/wp-json\/wp\/v2\/types\/post"}],"author":[{"embeddable":true,"href":"https:\/\/www.cordobatimes.com\/deportes\/wp-json\/wp\/v2\/users\/15"}],"replies":[{"embeddable":true,"href":"https:\/\/www.cordobatimes.com\/deportes\/wp-json\/wp\/v2\/comments?post=24843"}],"version-history":[{"count":0,"href":"https:\/\/www.cordobatimes.com\/deportes\/wp-json\/wp\/v2\/posts\/24843\/revisions"}],"wp:featuredmedia":[{"embeddable":true,"href":"https:\/\/www.cordobatimes.com\/deportes\/wp-json\/wp\/v2\/media\/24844"}],"wp:attachment":[{"href":"https:\/\/www.cordobatimes.com\/deportes\/wp-json\/wp\/v2\/media?parent=24843"}],"wp:term":[{"taxonomy":"category","embeddable":true,"href":"https:\/\/www.cordobatimes.com\/deportes\/wp-json\/wp\/v2\/categories?post=24843"},{"taxonomy":"post_tag","embeddable":true,"href":"https:\/\/www.cordobatimes.com\/deportes\/wp-json\/wp\/v2\/tags?post=24843"}],"curies":[{"name":"wp","href":"https:\/\/api.w.org\/{rel}","templated":true}]}}