{"id":24807,"date":"2014-12-01T00:16:00","date_gmt":"2014-12-01T03:16:00","guid":{"rendered":"http:\/\/www.cordobatimes.com\/deportes\/?p=24807"},"modified":"2014-12-01T00:17:20","modified_gmt":"2014-12-01T03:17:20","slug":"talleres-paso-a-la-final-tras-el-empate-con-mitre-y-ganar-en-penales","status":"publish","type":"post","link":"https:\/\/www.cordobatimes.com\/deportes\/futbol\/2014\/12\/01\/talleres-paso-a-la-final-tras-el-empate-con-mitre-y-ganar-en-penales\/","title":{"rendered":"Talleres pas\u00f3 a la final tras el empate con Mitre y ganar en penales"},"content":{"rendered":"<p style=\"text-align: center;\">\u00a0<a href=\"http:\/\/www.cordobatimes.com\/deportes\/wp-content\/uploads\/2014\/12\/CAT-1.jpg\"><img loading=\"lazy\" decoding=\"async\" class=\"size-full wp-image-24809 aligncenter\" alt=\"CAT 1\" src=\"http:\/\/www.cordobatimes.com\/deportes\/wp-content\/uploads\/2014\/12\/CAT-1.jpg\" width=\"624\" height=\"468\" data-id=\"24809\" srcset=\"https:\/\/www.cordobatimes.com\/deportes\/wp-content\/uploads\/2014\/12\/CAT-1.jpg 624w, https:\/\/www.cordobatimes.com\/deportes\/wp-content\/uploads\/2014\/12\/CAT-1-300x225.jpg 300w\" sizes=\"auto, (max-width: 624px) 100vw, 624px\" \/><\/a><\/p>\n<h3 style=\"text-align: justify;\">Talleres pas\u00f3 a la Final por uno de los ascensos. Empat\u00f3 2 a 2 ante Mitre de Santiago del Estero y gan\u00f3 en los penales 4 a 3 por una nueva chance de llegar a la Primera B Nacional. \u00a0El partido se jug\u00f3 en el Mario Alberto Kempes.<\/h3>\n<p>&nbsp;<\/p>\n<p style=\"text-align: justify;\">Talleres empat\u00f3 2 a 2 con Mitre de Santiago del Estero en el partido de vuelta de la tercera fase del torneo Federal A y logr\u00f3 el pase a la final por un ascenso a la Primera B Nacional tras imponerse por 4 a 3 en los penales.<\/p>\n<p style=\"text-align: justify;\">Gonzalo Parisi, a los 43 del primer tiempo, puso el 1 a 0 para los santiague\u00f1os que hicieron sufrir, y mucho, a la T.<\/p>\n<p>La igualdad de Talleres lleg\u00f3 a los 29 minutos del segundo tiempo gracias a Diego Mart\u00ednez pero el festejo dur\u00f3 poco porque a los 31, Diego Prieto meti\u00f3 una bomba para el 2 a 1 de Mitre.<\/p>\n<p>Victorio Ramis, a los 40 minutos, le dio la chance a Talleres de seguir peleando desde los penales al marcar el 2 a 2.<\/p>\n<p><iframe loading=\"lazy\" src=\"\/\/www.youtube.com\/embed\/RmEYHWIWEho\" height=\"315\" width=\"100%\" allowfullscreen=\"\" frameborder=\"0\"><\/iframe><br \/>\nS\u00cdNTESIS<\/p>\n<p>Talleres: Federico Costa; Ivo Ch\u00e1ves, Marcelo Herrera, Lucas Bovaglio y Rodrigo L\u00f3pez; Agust\u00edn D\u00edaz, Julian Fern\u00e1ndez, V\u00edctor Beraldi; Jonathan Acosta, Victorio Ramis y Marcos Godoy. \u00a0BANCO: Scalzo. Bazzi. Rodrigo Chavez. Formica. F.Alvarez. Diego Marti\u00f1ones. Diego Mart\u00ednez. DT Angel Hoyos<\/p>\n<p>Mitre: G\u00f3ngora. Lencinas. Carballo. Nievas. Camisari. Ju\u00e1rez. Saucedo. Santiago Aloi. Enzo Noir, Parisi y Prieto. BANCO: Ojeda. Maldonado. Ramos. S\u00e1nchez. Casopero. Juan Pablo Pereyra, Tolosa. DT Carlos Rold\u00e1n.<\/p>\n<p>GOLES: Gonzalo Parisi 43PT (MSE) &#8211; Diego Mart\u00ednez 30ST (CAT) &#8211; Prieto 32ST (MSE) &#8211; \u00a0Victorio Ramis 39ST (CAT)<\/p>\n<p>AMONESTACIONES: Lucas Bovaglio \u00a0(CAT) \u00a0&#8211; Saucedo \u00a0(MSE)<\/p>\n","protected":false},"excerpt":{"rendered":"<p>\u00a0 Talleres pas\u00f3 a la Final por uno de los ascensos. Empat\u00f3 2 a 2 ante Mitre de Santiago del Estero y gan\u00f3 en los penales 4 a 3 por una nueva chance de llegar a la Primera B Nacional. \u00a0El partido se jug\u00f3 en el Mario Alberto Kempes. &nbsp; Talleres empat\u00f3 2 a 2 [&hellip;]<\/p>\n","protected":false},"author":20,"featured_media":24810,"comment_status":"closed","ping_status":"closed","sticky":false,"template":"","format":"standard","meta":{"_seopress_robots_primary_cat":"","_seopress_titles_title":"","_seopress_titles_desc":"","_seopress_robots_index":"","footnotes":""},"categories":[2],"tags":[3658,3751,40],"class_list":["post-24807","post","type-post","status-publish","format-standard","has-post-thumbnail","hentry","category-futbol","tag-federal-a","tag-mitre-de-santiago-del-estero","tag-talleres"],"_links":{"self":[{"href":"https:\/\/www.cordobatimes.com\/deportes\/wp-json\/wp\/v2\/posts\/24807","targetHints":{"allow":["GET"]}}],"collection":[{"href":"https:\/\/www.cordobatimes.com\/deportes\/wp-json\/wp\/v2\/posts"}],"about":[{"href":"https:\/\/www.cordobatimes.com\/deportes\/wp-json\/wp\/v2\/types\/post"}],"author":[{"embeddable":true,"href":"https:\/\/www.cordobatimes.com\/deportes\/wp-json\/wp\/v2\/users\/20"}],"replies":[{"embeddable":true,"href":"https:\/\/www.cordobatimes.com\/deportes\/wp-json\/wp\/v2\/comments?post=24807"}],"version-history":[{"count":0,"href":"https:\/\/www.cordobatimes.com\/deportes\/wp-json\/wp\/v2\/posts\/24807\/revisions"}],"wp:featuredmedia":[{"embeddable":true,"href":"https:\/\/www.cordobatimes.com\/deportes\/wp-json\/wp\/v2\/media\/24810"}],"wp:attachment":[{"href":"https:\/\/www.cordobatimes.com\/deportes\/wp-json\/wp\/v2\/media?parent=24807"}],"wp:term":[{"taxonomy":"category","embeddable":true,"href":"https:\/\/www.cordobatimes.com\/deportes\/wp-json\/wp\/v2\/categories?post=24807"},{"taxonomy":"post_tag","embeddable":true,"href":"https:\/\/www.cordobatimes.com\/deportes\/wp-json\/wp\/v2\/tags?post=24807"}],"curies":[{"name":"wp","href":"https:\/\/api.w.org\/{rel}","templated":true}]}}