{"id":24720,"date":"2014-11-30T13:06:44","date_gmt":"2014-11-30T16:06:44","guid":{"rendered":"http:\/\/www.cordobatimes.com\/deportes\/?p=24720"},"modified":"2014-11-30T13:16:55","modified_gmt":"2014-11-30T16:16:55","slug":"dybala-marco-nuevamente-para-la-victoria-del-palermo","status":"publish","type":"post","link":"https:\/\/www.cordobatimes.com\/deportes\/futbol-internacional\/2014\/11\/30\/dybala-marco-nuevamente-para-la-victoria-del-palermo\/","title":{"rendered":"Dybala marc\u00f3 nuevamente para la victoria del Palermo"},"content":{"rendered":"<h3 style=\"text-align: justify;\"><strong><a href=\"http:\/\/www.cordobatimes.com\/deportes\/wp-content\/uploads\/2014\/11\/dybala.jpg\"><img loading=\"lazy\" decoding=\"async\" class=\"alignnone size-full wp-image-24724\" style=\"margin: 5px;\" alt=\"dybala\" src=\"http:\/\/www.cordobatimes.com\/deportes\/wp-content\/uploads\/2014\/11\/dybala.jpg\" width=\"970\" height=\"545\" data-id=\"24724\" srcset=\"https:\/\/www.cordobatimes.com\/deportes\/wp-content\/uploads\/2014\/11\/dybala.jpg 970w, https:\/\/www.cordobatimes.com\/deportes\/wp-content\/uploads\/2014\/11\/dybala-300x168.jpg 300w\" sizes=\"auto, (max-width: 970px) 100vw, 970px\" \/><\/a>El ex Instituto no para de hacer goles y esta vez hizo lo suyo para el triunfo de su equipo por 2 a 1 ante Parma, \u00faltimo en el Calcio. El cordob\u00e9s suma 6 tantos y es una de las figuras de la liga, por lo que es <span style=\"color: #0000ff;\"><a href=\"http:\/\/www.cordobatimes.com\/deportes\/futbol-internacional\/2014\/11\/29\/dybala-le-dijo-que-no-a-italia\/\" target=\"_blank\"><span style=\"color: #0000ff;\">pretendido por la selecci\u00f3n italiana<\/span><\/a><\/span> y por el Arsenal ingl\u00e9s. Otro representante local que estuvo de arranque es Franco &#8220;El Mudo&#8221; V\u00e1zquez, que se ha ganado el puesto como titular indiscutible.<\/strong><\/h3>\n<p>&nbsp;<\/p>\n<p><iframe loading=\"lazy\" src=\"https:\/\/vine.co\/v\/OnF9edrTaeh\/embed\/simple\" height=\"600\" width=\"600\" frameborder=\"0\"><\/iframe><script charset=\"utf-8\" type=\"text\/javascript\" src=\"\/\/platform.vine.co\/static\/scripts\/embed.js\" async=\"\"><\/script><\/p>\n","protected":false},"excerpt":{"rendered":"<p>El ex Instituto no para de hacer goles y esta vez hizo lo suyo para el triunfo de su equipo por 2 a 1 ante Parma, \u00faltimo en el Calcio. El cordob\u00e9s suma 6 tantos y es una de las figuras de la liga, por lo que es pretendido por la selecci\u00f3n italiana y por [&hellip;]<\/p>\n","protected":false},"author":5,"featured_media":24724,"comment_status":"closed","ping_status":"closed","sticky":false,"template":"","format":"standard","meta":{"_seopress_robots_primary_cat":"","_seopress_titles_title":"","_seopress_titles_desc":"","_seopress_robots_index":"","footnotes":""},"categories":[18],"tags":[75,4540,889,948,828,4531],"class_list":["post-24720","post","type-post","status-publish","format-standard","has-post-thumbnail","hentry","category-futbol-internacional","tag-calcio","tag-gol-de-dybala","tag-liga-italiana","tag-palermo","tag-parma","tag-paulo-dybala"],"_links":{"self":[{"href":"https:\/\/www.cordobatimes.com\/deportes\/wp-json\/wp\/v2\/posts\/24720","targetHints":{"allow":["GET"]}}],"collection":[{"href":"https:\/\/www.cordobatimes.com\/deportes\/wp-json\/wp\/v2\/posts"}],"about":[{"href":"https:\/\/www.cordobatimes.com\/deportes\/wp-json\/wp\/v2\/types\/post"}],"author":[{"embeddable":true,"href":"https:\/\/www.cordobatimes.com\/deportes\/wp-json\/wp\/v2\/users\/5"}],"replies":[{"embeddable":true,"href":"https:\/\/www.cordobatimes.com\/deportes\/wp-json\/wp\/v2\/comments?post=24720"}],"version-history":[{"count":0,"href":"https:\/\/www.cordobatimes.com\/deportes\/wp-json\/wp\/v2\/posts\/24720\/revisions"}],"wp:featuredmedia":[{"embeddable":true,"href":"https:\/\/www.cordobatimes.com\/deportes\/wp-json\/wp\/v2\/media\/24724"}],"wp:attachment":[{"href":"https:\/\/www.cordobatimes.com\/deportes\/wp-json\/wp\/v2\/media?parent=24720"}],"wp:term":[{"taxonomy":"category","embeddable":true,"href":"https:\/\/www.cordobatimes.com\/deportes\/wp-json\/wp\/v2\/categories?post=24720"},{"taxonomy":"post_tag","embeddable":true,"href":"https:\/\/www.cordobatimes.com\/deportes\/wp-json\/wp\/v2\/tags?post=24720"}],"curies":[{"name":"wp","href":"https:\/\/api.w.org\/{rel}","templated":true}]}}