{"id":24678,"date":"2014-11-29T21:31:47","date_gmt":"2014-11-30T00:31:47","guid":{"rendered":"http:\/\/www.cordobatimes.com\/deportes\/?p=24678"},"modified":"2019-04-11T22:46:42","modified_gmt":"2019-04-12T01:46:42","slug":"dybala-le-dijo-que-no-a-italia","status":"publish","type":"post","link":"https:\/\/www.cordobatimes.com\/deportes\/futbol-internacional\/2014\/11\/29\/dybala-le-dijo-que-no-a-italia\/","title":{"rendered":"Dybala le dijo que no a Italia"},"content":{"rendered":"<h3 style=\"text-align: justify;\"><b>El ex Instituto rechaz\u00f3 la propuesta del seleccionado azurro: \u201cNac\u00ed y me siento argentino\u201d. El delantero, actualmente en el Palermo, estar\u00eda en la mira del Arsenal ingl\u00e9s.<\/b><\/h3>\n<p style=\"text-align: justify;\">Paulo Dybala, atacante del Palermo italiano, le contest\u00f3 a la intenci\u00f3n del seleccionado italiano de incorporarlo a su plantel y afirm\u00f3 que quiere ponerse la camiseta argentina.<\/p>\n<p style=\"text-align: justify;\">\u201cCon Conte (DT de Italia) no he hablado personalmente sobre esto, pero no es f\u00e1cil decidir. Italia tiene una gran tradici\u00f3n, gan\u00f3 cuatro copas mundiales. Pero nac\u00ed, y me siento argentino. Cuando jugaba de chico so\u00f1aba con la Selecci\u00f3n Argentina\u201d, fueron las palabras del cordob\u00e9s a un medio italiano.<\/p>\n<p style=\"text-align: justify;\">Dybala es actualmente una de las figuras del Calcio, y ya estar\u00eda en la mira del Arsenal ingl\u00e9s para la pr\u00f3xima temporada, que desembolsar\u00eda cuarenta millones de euros para hacerse con los servicios del ex Instituto. Dicha venta es seguida de cerca en Alta C\u00f3rdoba, ya que de concretarse, el conjunto albirrojo percibir\u00e1 una buena suma por los derechos de formaci\u00f3n.<\/p>\n","protected":false},"excerpt":{"rendered":"<p>El ex Instituto rechaz\u00f3 la propuesta del seleccionado azurro: \u201cNac\u00ed y me siento argentino\u201d. El delantero, actualmente en el Palermo, estar\u00eda en la mira del Arsenal ingl\u00e9s. Paulo Dybala, atacante del Palermo italiano, le contest\u00f3 a la intenci\u00f3n del seleccionado italiano de incorporarlo a su plantel y afirm\u00f3 que quiere ponerse la camiseta argentina. \u201cCon [&hellip;]<\/p>\n","protected":false},"author":15,"featured_media":24679,"comment_status":"closed","ping_status":"closed","sticky":false,"template":"","format":"standard","meta":{"_seopress_robots_primary_cat":"none","_seopress_titles_title":"","_seopress_titles_desc":"","_seopress_robots_index":"","footnotes":""},"categories":[18],"tags":[498,35,4531],"class_list":["post-24678","post","type-post","status-publish","format-standard","has-post-thumbnail","hentry","category-futbol-internacional","tag-futbol-internacional-2","tag-instituto","tag-paulo-dybala"],"_links":{"self":[{"href":"https:\/\/www.cordobatimes.com\/deportes\/wp-json\/wp\/v2\/posts\/24678","targetHints":{"allow":["GET"]}}],"collection":[{"href":"https:\/\/www.cordobatimes.com\/deportes\/wp-json\/wp\/v2\/posts"}],"about":[{"href":"https:\/\/www.cordobatimes.com\/deportes\/wp-json\/wp\/v2\/types\/post"}],"author":[{"embeddable":true,"href":"https:\/\/www.cordobatimes.com\/deportes\/wp-json\/wp\/v2\/users\/15"}],"replies":[{"embeddable":true,"href":"https:\/\/www.cordobatimes.com\/deportes\/wp-json\/wp\/v2\/comments?post=24678"}],"version-history":[{"count":0,"href":"https:\/\/www.cordobatimes.com\/deportes\/wp-json\/wp\/v2\/posts\/24678\/revisions"}],"wp:featuredmedia":[{"embeddable":true,"href":"https:\/\/www.cordobatimes.com\/deportes\/wp-json\/wp\/v2\/media\/24679"}],"wp:attachment":[{"href":"https:\/\/www.cordobatimes.com\/deportes\/wp-json\/wp\/v2\/media?parent=24678"}],"wp:term":[{"taxonomy":"category","embeddable":true,"href":"https:\/\/www.cordobatimes.com\/deportes\/wp-json\/wp\/v2\/categories?post=24678"},{"taxonomy":"post_tag","embeddable":true,"href":"https:\/\/www.cordobatimes.com\/deportes\/wp-json\/wp\/v2\/tags?post=24678"}],"curies":[{"name":"wp","href":"https:\/\/api.w.org\/{rel}","templated":true}]}}