{"id":24643,"date":"2014-11-29T12:30:32","date_gmt":"2014-11-29T15:30:32","guid":{"rendered":"http:\/\/www.cordobatimes.com\/deportes\/?p=24643"},"modified":"2014-11-29T13:36:58","modified_gmt":"2014-11-29T16:36:58","slug":"hinchas-de-boca-contra-gigliotti-no-mereces-usar-nuestra-camiseta","status":"publish","type":"post","link":"https:\/\/www.cordobatimes.com\/deportes\/futbol\/2014\/11\/29\/hinchas-de-boca-contra-gigliotti-no-mereces-usar-nuestra-camiseta\/","title":{"rendered":"Hinchas de Boca contra Gigliotti: &#8220;No merec\u00e9s usar nuestra camiseta&#8221;"},"content":{"rendered":"<h3><strong><a href=\"http:\/\/www.cordobatimes.com\/deportes\/wp-content\/uploads\/2014\/11\/Gigliotti.jpg\"><img loading=\"lazy\" decoding=\"async\" class=\"size-full wp-image-24644 aligncenter\" alt=\"Gigliotti\" src=\"http:\/\/www.cordobatimes.com\/deportes\/wp-content\/uploads\/2014\/11\/Gigliotti.jpg\" width=\"620\" height=\"413\" data-id=\"24644\" srcset=\"https:\/\/www.cordobatimes.com\/deportes\/wp-content\/uploads\/2014\/11\/Gigliotti.jpg 620w, https:\/\/www.cordobatimes.com\/deportes\/wp-content\/uploads\/2014\/11\/Gigliotti-300x199.jpg 300w\" sizes=\"auto, (max-width: 620px) 100vw, 620px\" \/><\/a><\/strong><\/h3>\n<h3 style=\"text-align: justify;\"><strong>Esta ma\u00f1ana, en inmediaciones de La Bombonera, aparecieron pasacalles atacando al delantero que fall\u00f3 el penal ante River en el partido que marc\u00f3 la eliminaci\u00f3n del Xeneize a manos de su eterno rival. Al parecer, no le perdonan esa acci\u00f3n que marc\u00f3 el rumbo del supercl\u00e1sico.<\/strong><\/h3>\n<p style=\"text-align: justify;\">\n<p style=\"text-align: justify;\">El f\u00fatbol es ingrato. Un d\u00eda sos querido y otro odiado. Este es el caso de Emmanuel Gigliotti, autor de goles importantes con la camiseta de Boca pero que tuvo la mala fortuna de fallar un remate clave para el futuro de su equipo. Encima, vio como River festejaba el pase a la final.<\/p>\n<p style=\"text-align: justify;\">La imagen y la acci\u00f3n del ex Col\u00f3n no pas\u00f3 desapercibida para los hinchas del club de La Ribera, que decidieron &#8220;atacar&#8221; al 9 con pasacalles en lugares muy cercanos a La Bombonera. &#8220;Gigliotti no mereces usar nuestra camiseta&#8221;, rezaban. Uno de ellos fue colocado justo en la puerta por donde los jugadores salen del entrenamiento.<\/p>\n<p style=\"text-align: justify;\">Horas m\u00e1s tarde, por pedido de algunos dirigentes, los mensajes fueron bajados y todo sigui\u00f3 en paz.<\/p>\n<p>\u00a0<iframe loading=\"lazy\" src=\"\/\/www.youtube.com\/embed\/9T-R1J8W42E\" height=\"315\" width=\"560\" allowfullscreen=\"\" frameborder=\"0\"><\/iframe><\/p>\n","protected":false},"excerpt":{"rendered":"<p>Esta ma\u00f1ana, en inmediaciones de La Bombonera, aparecieron pasacalles atacando al delantero que fall\u00f3 el penal ante River en el partido que marc\u00f3 la eliminaci\u00f3n del Xeneize a manos de su eterno rival. Al parecer, no le perdonan esa acci\u00f3n que marc\u00f3 el rumbo del supercl\u00e1sico. El f\u00fatbol es ingrato. Un d\u00eda sos querido y [&hellip;]<\/p>\n","protected":false},"author":2,"featured_media":24644,"comment_status":"closed","ping_status":"closed","sticky":false,"template":"","format":"standard","meta":{"_seopress_robots_primary_cat":"","_seopress_titles_title":"","_seopress_titles_desc":"","_seopress_robots_index":"","footnotes":""},"categories":[23,2],"tags":[52,5570,4524,54,4526,4525],"class_list":["post-24643","post","type-post","status-publish","format-standard","has-post-thumbnail","hentry","category-copa-sudamericana","category-futbol","tag-boca","tag-copa-sudamericana","tag-eliminacion-contra-river","tag-gigliotti","tag-mensajes-contra-gigliotti","tag-penal-fallado"],"_links":{"self":[{"href":"https:\/\/www.cordobatimes.com\/deportes\/wp-json\/wp\/v2\/posts\/24643","targetHints":{"allow":["GET"]}}],"collection":[{"href":"https:\/\/www.cordobatimes.com\/deportes\/wp-json\/wp\/v2\/posts"}],"about":[{"href":"https:\/\/www.cordobatimes.com\/deportes\/wp-json\/wp\/v2\/types\/post"}],"author":[{"embeddable":true,"href":"https:\/\/www.cordobatimes.com\/deportes\/wp-json\/wp\/v2\/users\/2"}],"replies":[{"embeddable":true,"href":"https:\/\/www.cordobatimes.com\/deportes\/wp-json\/wp\/v2\/comments?post=24643"}],"version-history":[{"count":0,"href":"https:\/\/www.cordobatimes.com\/deportes\/wp-json\/wp\/v2\/posts\/24643\/revisions"}],"wp:featuredmedia":[{"embeddable":true,"href":"https:\/\/www.cordobatimes.com\/deportes\/wp-json\/wp\/v2\/media\/24644"}],"wp:attachment":[{"href":"https:\/\/www.cordobatimes.com\/deportes\/wp-json\/wp\/v2\/media?parent=24643"}],"wp:term":[{"taxonomy":"category","embeddable":true,"href":"https:\/\/www.cordobatimes.com\/deportes\/wp-json\/wp\/v2\/categories?post=24643"},{"taxonomy":"post_tag","embeddable":true,"href":"https:\/\/www.cordobatimes.com\/deportes\/wp-json\/wp\/v2\/tags?post=24643"}],"curies":[{"name":"wp","href":"https:\/\/api.w.org\/{rel}","templated":true}]}}