{"id":24632,"date":"2014-11-29T11:34:10","date_gmt":"2014-11-29T14:34:10","guid":{"rendered":"http:\/\/www.cordobatimes.com\/deportes\/?p=24632"},"modified":"2014-11-29T11:34:10","modified_gmt":"2014-11-29T14:34:10","slug":"velez-gano-gracias-a-su-goleador","status":"publish","type":"post","link":"https:\/\/www.cordobatimes.com\/deportes\/futbol\/2014\/11\/29\/velez-gano-gracias-a-su-goleador\/","title":{"rendered":"V\u00e9lez gan\u00f3 gracias a su goleador"},"content":{"rendered":"<h3><strong><a href=\"http:\/\/www.cordobatimes.com\/deportes\/wp-content\/uploads\/2014\/11\/Pratto-V\u00e9lez.jpg\"><img loading=\"lazy\" decoding=\"async\" class=\"size-full wp-image-24633 aligncenter\" alt=\"Pratto V\u00e9lez\" src=\"http:\/\/www.cordobatimes.com\/deportes\/wp-content\/uploads\/2014\/11\/Pratto-V\u00e9lez.jpg\" width=\"960\" height=\"640\" data-id=\"24633\" srcset=\"https:\/\/www.cordobatimes.com\/deportes\/wp-content\/uploads\/2014\/11\/Pratto-V\u00e9lez.jpg 960w, https:\/\/www.cordobatimes.com\/deportes\/wp-content\/uploads\/2014\/11\/Pratto-V\u00e9lez-300x200.jpg 300w\" sizes=\"auto, (max-width: 960px) 100vw, 960px\" \/><\/a><\/strong><\/h3>\n<h3><strong>Lucas Pratto anot\u00f3 los dos tantos con los que el Fort\u00edn derrot\u00f3 2-0 a Defensa y Justicia. El &#8220;Oso&#8221; se encuentra disputando sus \u00faltimos partidos en la instituci\u00f3n ya que su intenci\u00f3n es irse al terminar el campeonato.<\/strong><\/h3>\n<p>&nbsp;<\/p>\n<p><iframe loading=\"lazy\" src=\"\/\/www.youtube.com\/embed\/I6ErLgJo8hU\" height=\"315\" width=\"560\" allowfullscreen=\"\" frameborder=\"0\"><\/iframe><\/p>\n<p><iframe loading=\"lazy\" src=\"\/\/www.youtube.com\/embed\/VXVfQ0mzaEU\" height=\"315\" width=\"560\" allowfullscreen=\"\" frameborder=\"0\"><\/iframe><\/p>\n","protected":false},"excerpt":{"rendered":"<p>Lucas Pratto anot\u00f3 los dos tantos con los que el Fort\u00edn derrot\u00f3 2-0 a Defensa y Justicia. El &#8220;Oso&#8221; se encuentra disputando sus \u00faltimos partidos en la instituci\u00f3n ya que su intenci\u00f3n es irse al terminar el campeonato. &nbsp;<\/p>\n","protected":false},"author":2,"featured_media":24633,"comment_status":"closed","ping_status":"closed","sticky":false,"template":"","format":"standard","meta":{"_seopress_robots_primary_cat":"","_seopress_titles_title":"","_seopress_titles_desc":"","_seopress_robots_index":"","footnotes":""},"categories":[2,16],"tags":[33,360,217,214],"class_list":["post-24632","post","type-post","status-publish","format-standard","has-post-thumbnail","hentry","category-futbol","category-primera-division","tag-afa","tag-defensa-y-justicia","tag-pratto","tag-velez"],"_links":{"self":[{"href":"https:\/\/www.cordobatimes.com\/deportes\/wp-json\/wp\/v2\/posts\/24632","targetHints":{"allow":["GET"]}}],"collection":[{"href":"https:\/\/www.cordobatimes.com\/deportes\/wp-json\/wp\/v2\/posts"}],"about":[{"href":"https:\/\/www.cordobatimes.com\/deportes\/wp-json\/wp\/v2\/types\/post"}],"author":[{"embeddable":true,"href":"https:\/\/www.cordobatimes.com\/deportes\/wp-json\/wp\/v2\/users\/2"}],"replies":[{"embeddable":true,"href":"https:\/\/www.cordobatimes.com\/deportes\/wp-json\/wp\/v2\/comments?post=24632"}],"version-history":[{"count":0,"href":"https:\/\/www.cordobatimes.com\/deportes\/wp-json\/wp\/v2\/posts\/24632\/revisions"}],"wp:featuredmedia":[{"embeddable":true,"href":"https:\/\/www.cordobatimes.com\/deportes\/wp-json\/wp\/v2\/media\/24633"}],"wp:attachment":[{"href":"https:\/\/www.cordobatimes.com\/deportes\/wp-json\/wp\/v2\/media?parent=24632"}],"wp:term":[{"taxonomy":"category","embeddable":true,"href":"https:\/\/www.cordobatimes.com\/deportes\/wp-json\/wp\/v2\/categories?post=24632"},{"taxonomy":"post_tag","embeddable":true,"href":"https:\/\/www.cordobatimes.com\/deportes\/wp-json\/wp\/v2\/tags?post=24632"}],"curies":[{"name":"wp","href":"https:\/\/api.w.org\/{rel}","templated":true}]}}