{"id":24574,"date":"2014-11-27T12:19:35","date_gmt":"2014-11-27T15:19:35","guid":{"rendered":"http:\/\/www.cordobatimes.com\/deportes\/?p=24574"},"modified":"2014-11-27T14:27:12","modified_gmt":"2014-11-27T17:27:12","slug":"el-tolo-gallego-vuelve-a-newells","status":"publish","type":"post","link":"https:\/\/www.cordobatimes.com\/deportes\/futbol\/2014\/11\/27\/el-tolo-gallego-vuelve-a-newells\/","title":{"rendered":"El Tolo Gallego vuelve a Newell&#8217;s"},"content":{"rendered":"<h3 style=\"text-align: justify;\"><a href=\"http:\/\/www.cordobatimes.com\/deportes\/wp-content\/uploads\/2014\/11\/Tolo.jpg\"><img loading=\"lazy\" decoding=\"async\" class=\"size-full wp-image-24575 aligncenter\" alt=\"Tolo\" src=\"http:\/\/www.cordobatimes.com\/deportes\/wp-content\/uploads\/2014\/11\/Tolo.jpg\" width=\"600\" height=\"505\" data-id=\"24575\" srcset=\"https:\/\/www.cordobatimes.com\/deportes\/wp-content\/uploads\/2014\/11\/Tolo.jpg 600w, https:\/\/www.cordobatimes.com\/deportes\/wp-content\/uploads\/2014\/11\/Tolo-300x252.jpg 300w\" sizes=\"auto, (max-width: 600px) 100vw, 600px\" \/><\/a><\/h3>\n<h3 style=\"text-align: justify;\"><b>Am\u00e9rico Rub\u00e9n Gallego volver\u00e1 a dirigir a la Lepra, en lo que ser\u00e1 su segundo paso por el club rosarino. Fue campe\u00f3n en el 2004.<\/b><\/h3>\n<p style=\"text-align: justify;\">\n<p style=\"text-align: justify;\">\n<p style=\"text-align: justify;\">Finalmente ayer se confirm\u00f3 que el \u201cTolo\u201d Gallego ser\u00e1 el t\u00e9cnico de Newell\u2019s el a\u00f1o que viene, donde es \u00eddolo tras la conquista del Apertura 2004. De esta manera, el DT vuelve a trabajar luego de su mal paso por Independiente, donde fue despedido antes del descenso en 2013.<\/p>\n<p style=\"text-align: justify;\">\u00a0Gallego, de 59 a\u00f1os, ser\u00e1 el reemplazante de Gustavo Raggio, quien ya fue notificado que no seguir\u00e1 frente al plantel profesional luego de una irregular campa\u00f1a. El elenco rojinegro suma 24 puntos, resultado de seis triunfos, seis empates y cinco ca\u00eddas.<\/p>\n<p style=\"text-align: justify;\">El Tolo ha ganado seis torneos como director t\u00e9cnico: dos en River (Apertura 94 y Clausura 2000), uno en Independiente (Apertura 2002), uno en Newell\u2019s y dos en el Toluca de M\u00e9xico (Apertura 2005 y Campe\u00f3n de campeones 2006).<\/p>\n","protected":false},"excerpt":{"rendered":"<p>Am\u00e9rico Rub\u00e9n Gallego volver\u00e1 a dirigir a la Lepra, en lo que ser\u00e1 su segundo paso por el club rosarino. Fue campe\u00f3n en el 2004. Finalmente ayer se confirm\u00f3 que el \u201cTolo\u201d Gallego ser\u00e1 el t\u00e9cnico de Newell\u2019s el a\u00f1o que viene, donde es \u00eddolo tras la conquista del Apertura 2004. De esta manera, el [&hellip;]<\/p>\n","protected":false},"author":15,"featured_media":24575,"comment_status":"closed","ping_status":"closed","sticky":false,"template":"","format":"standard","meta":{"_seopress_robots_primary_cat":"","_seopress_titles_title":"","_seopress_titles_desc":"","_seopress_robots_index":"","footnotes":""},"categories":[2,16],"tags":[33,4506,51],"class_list":["post-24574","post","type-post","status-publish","format-standard","has-post-thumbnail","hentry","category-futbol","category-primera-division","tag-afa","tag-americo-ruben-gallego","tag-newells"],"_links":{"self":[{"href":"https:\/\/www.cordobatimes.com\/deportes\/wp-json\/wp\/v2\/posts\/24574","targetHints":{"allow":["GET"]}}],"collection":[{"href":"https:\/\/www.cordobatimes.com\/deportes\/wp-json\/wp\/v2\/posts"}],"about":[{"href":"https:\/\/www.cordobatimes.com\/deportes\/wp-json\/wp\/v2\/types\/post"}],"author":[{"embeddable":true,"href":"https:\/\/www.cordobatimes.com\/deportes\/wp-json\/wp\/v2\/users\/15"}],"replies":[{"embeddable":true,"href":"https:\/\/www.cordobatimes.com\/deportes\/wp-json\/wp\/v2\/comments?post=24574"}],"version-history":[{"count":0,"href":"https:\/\/www.cordobatimes.com\/deportes\/wp-json\/wp\/v2\/posts\/24574\/revisions"}],"wp:featuredmedia":[{"embeddable":true,"href":"https:\/\/www.cordobatimes.com\/deportes\/wp-json\/wp\/v2\/media\/24575"}],"wp:attachment":[{"href":"https:\/\/www.cordobatimes.com\/deportes\/wp-json\/wp\/v2\/media?parent=24574"}],"wp:term":[{"taxonomy":"category","embeddable":true,"href":"https:\/\/www.cordobatimes.com\/deportes\/wp-json\/wp\/v2\/categories?post=24574"},{"taxonomy":"post_tag","embeddable":true,"href":"https:\/\/www.cordobatimes.com\/deportes\/wp-json\/wp\/v2\/tags?post=24574"}],"curies":[{"name":"wp","href":"https:\/\/api.w.org\/{rel}","templated":true}]}}