{"id":24570,"date":"2014-11-27T11:54:44","date_gmt":"2014-11-27T14:54:44","guid":{"rendered":"http:\/\/www.cordobatimes.com\/deportes\/?p=24570"},"modified":"2014-11-27T11:54:44","modified_gmt":"2014-11-27T14:54:44","slug":"afa-oficializo-el-nuevo-comite-ejecutivo","status":"publish","type":"post","link":"https:\/\/www.cordobatimes.com\/deportes\/futbol\/2014\/11\/27\/afa-oficializo-el-nuevo-comite-ejecutivo\/","title":{"rendered":"AFA oficializ\u00f3 el nuevo Comit\u00e9 Ejecutivo"},"content":{"rendered":"<h3><strong><img loading=\"lazy\" decoding=\"async\" class=\"size-full wp-image-24572 aligncenter\" alt=\"AFA\" src=\"http:\/\/www.cordobatimes.com\/deportes\/wp-content\/uploads\/2014\/11\/AFA3.jpg\" width=\"960\" height=\"640\" data-id=\"24572\" srcset=\"https:\/\/www.cordobatimes.com\/deportes\/wp-content\/uploads\/2014\/11\/AFA3.jpg 960w, https:\/\/www.cordobatimes.com\/deportes\/wp-content\/uploads\/2014\/11\/AFA3-300x200.jpg 300w\" sizes=\"auto, (max-width: 960px) 100vw, 960px\" \/><\/strong><\/h3>\n<h3 style=\"text-align: justify;\"><strong>A trav\u00e9s del bolet\u00edn oficial, la Asociaci\u00f3n del F\u00fatbol Argentino inform\u00f3 quienes ser\u00e1n las autoridades de los distintos clubes que formar\u00e1n parte de la entidad. River y Boca tendr\u00e1n a sus Presidentes, Tinelli mantendr\u00e1 su rol en Prensa y Mat\u00edas Lammens ser\u00e1 Pretesorero. LISTA COMPLETA.<\/strong><\/h3>\n<p style=\"text-align: justify;\">\n<p style=\"text-align: justify;\">Hace algunos d\u00edas,\u00a0el presidente de AFA, Luis Segura, confirm\u00f3 que hab\u00eda nominado a River y Boca para las vicepresidencias, mientras que el denominado &#8220;grondonismo&#8221; mantendr\u00eda la Secretar\u00eda General, un cargo clave. As\u00ed,\u00a0Rodolfo D&#8217;Onofrio del Millonario, se transform\u00f3 en el vicepresidente primero, mientras que su par Xeneize, Daniel Angelici, pas\u00f3 a ser el vicepresidente segundo.<\/p>\n<p style=\"text-align: justify;\">Entre otras determinaciones, qued\u00f3 oficializado\u00a0Adem\u00e1s, qued\u00f3 oficializado el empresario televisivo Marcelo Tinelli, vice de San Lorenzo, como Secretario de Prensa y Relaciones P\u00fablicas.<\/p>\n<p style=\"text-align: justify;\">Todos los cargos:<\/p>\n<p style=\"text-align: justify;\"><strong>\u2022 Presidente:<\/strong><br \/>\nSr. LUIS MIGUEL SEGURA<br \/>\n(Presidente de la A.A. Argentinos Juniors y representante categor\u00eda Primera B Nacional)<br \/>\n<strong><\/strong><\/p>\n<p style=\"text-align: justify;\"><strong>\u2022 Vicepresidente 1\u00b0:<\/strong><br \/>\nLic. RODOLFO RA\u00daL D&#8217;ONOFRIO<br \/>\n(Presidente del Club Atl\u00e9tico River Plate)<br \/>\n<strong><\/strong><\/p>\n<p style=\"text-align: justify;\"><strong>\u2022 Vicepresidente 2\u00b0:<\/strong><br \/>\nDr. DANIEL ANGELICI<br \/>\n(Presidente del Club Atl\u00e9tico Boca Juniors)<br \/>\n<strong><\/strong><\/p>\n<p style=\"text-align: justify;\"><strong>\u2022 Secretario General:<\/strong><br \/>\nDr. MIGUEL ANGEL SILVA<br \/>\n(Vicepresidente 1\u00ba del Arsenal F. C.)<br \/>\n<strong><\/strong><\/p>\n<p style=\"text-align: justify;\"><strong>\u2022 Tesorero:<\/strong><br \/>\nCont. EDUARDO J. SPINOSA<br \/>\n(Presidente del Club Atl\u00e9tico Banfield)<br \/>\n<strong><\/strong><\/p>\n<p style=\"text-align: justify;\"><strong>\u2022 Secretario Administrativo:<\/strong><br \/>\nDR. DANIEL OSCAR ONOFRI<br \/>\n(Presidente del Club Gimnasia y Esgrima La Plata)<br \/>\n<strong><\/strong><\/p>\n<p style=\"text-align: justify;\"><strong>\u2022 Secretario de Finanzas y Hacienda:<\/strong><br \/>\nSr. JOSE LEMME<br \/>\n(Presidente del Club Defensa y Justicia)<br \/>\n<strong><\/strong><\/p>\n<p style=\"text-align: justify;\"><strong>\u2022 Secretario T\u00e9cnico:<\/strong><br \/>\nDr. CARLOS ALBERTO COLOMA<br \/>\n(Vicepresidente 2\u00b0 del Quilmes A.C.)<br \/>\n<strong><\/strong><\/p>\n<p style=\"text-align: justify;\"><strong>\u2022 Secretario de Relaciones Internacionales:<\/strong><br \/>\nSr. ALFREDO GERONIMO DAGNA<br \/>\n(Presidente del Club Olimpo de Bah\u00eda Blanca)<br \/>\n<strong><\/strong><\/p>\n<p style=\"text-align: justify;\"><strong>\u2022 Secretario de Asuntos Legales:<\/strong><br \/>\nDr. GUILLERMO H\u00c9CTOR LORENTE<br \/>\n(Presidente del Club Atl\u00e9tico Newell&#8217;s Old Boys)<br \/>\n<strong><\/strong><\/p>\n<p style=\"text-align: justify;\"><strong>\u2022 Secretario de Torneos:<\/strong><br \/>\nSr. CLAUDIO FABI\u00c1N TAPIA<br \/>\n(Presidente del Club Atl\u00e9tico Barracas Central)<br \/>\n<strong><\/strong><\/p>\n<p style=\"text-align: justify;\"><strong>\u2022 Secretario de Prensa y Relaciones P\u00fablicas:<\/strong><br \/>\nSr. MARCELO HUGO TINELLI<br \/>\n(Vicepresidente 1\u00b0 del Club Atl\u00e9tico San Lorenzo de Almagro)<br \/>\n<strong><\/strong><\/p>\n<p style=\"text-align: justify;\"><strong>\u2022 Secretario de Selecciones Nacionales:<\/strong><br \/>\nSr. JUAN CARLOS CRESPI<br \/>\n(Vicepresdente 2`del Club Atl\u00e9tico Boca Juniors)<br \/>\n<strong><\/strong><\/p>\n<p style=\"text-align: justify;\"><strong>\u2022 Secretario de Relaciones Institucionales:<\/strong><br \/>\nSr. SALVADOR STUMBO<br \/>\n(Vicepresidente 3\u00b0 del Club Atl\u00e9tico Gimnasia y Esgrima de Jujuy)<\/p>\n","protected":false},"excerpt":{"rendered":"<p>A trav\u00e9s del bolet\u00edn oficial, la Asociaci\u00f3n del F\u00fatbol Argentino inform\u00f3 quienes ser\u00e1n las autoridades de los distintos clubes que formar\u00e1n parte de la entidad. River y Boca tendr\u00e1n a sus Presidentes, Tinelli mantendr\u00e1 su rol en Prensa y Mat\u00edas Lammens ser\u00e1 Pretesorero. LISTA COMPLETA. Hace algunos d\u00edas,\u00a0el presidente de AFA, Luis Segura, confirm\u00f3 que [&hellip;]<\/p>\n","protected":false},"author":2,"featured_media":24572,"comment_status":"closed","ping_status":"closed","sticky":false,"template":"","format":"standard","meta":{"_seopress_robots_primary_cat":"","_seopress_titles_title":"","_seopress_titles_desc":"","_seopress_robots_index":"","footnotes":""},"categories":[2],"tags":[3472,52,4505,988,1107,1092,74,911],"class_list":["post-24570","post","type-post","status-publish","format-standard","has-post-thumbnail","hentry","category-futbol","tag-autoridades","tag-boca","tag-comite-ejecutivo-de-afa","tag-crespi","tag-donofrio","tag-lammens","tag-river","tag-tinelli"],"_links":{"self":[{"href":"https:\/\/www.cordobatimes.com\/deportes\/wp-json\/wp\/v2\/posts\/24570","targetHints":{"allow":["GET"]}}],"collection":[{"href":"https:\/\/www.cordobatimes.com\/deportes\/wp-json\/wp\/v2\/posts"}],"about":[{"href":"https:\/\/www.cordobatimes.com\/deportes\/wp-json\/wp\/v2\/types\/post"}],"author":[{"embeddable":true,"href":"https:\/\/www.cordobatimes.com\/deportes\/wp-json\/wp\/v2\/users\/2"}],"replies":[{"embeddable":true,"href":"https:\/\/www.cordobatimes.com\/deportes\/wp-json\/wp\/v2\/comments?post=24570"}],"version-history":[{"count":0,"href":"https:\/\/www.cordobatimes.com\/deportes\/wp-json\/wp\/v2\/posts\/24570\/revisions"}],"wp:featuredmedia":[{"embeddable":true,"href":"https:\/\/www.cordobatimes.com\/deportes\/wp-json\/wp\/v2\/media\/24572"}],"wp:attachment":[{"href":"https:\/\/www.cordobatimes.com\/deportes\/wp-json\/wp\/v2\/media?parent=24570"}],"wp:term":[{"taxonomy":"category","embeddable":true,"href":"https:\/\/www.cordobatimes.com\/deportes\/wp-json\/wp\/v2\/categories?post=24570"},{"taxonomy":"post_tag","embeddable":true,"href":"https:\/\/www.cordobatimes.com\/deportes\/wp-json\/wp\/v2\/tags?post=24570"}],"curies":[{"name":"wp","href":"https:\/\/api.w.org\/{rel}","templated":true}]}}