{"id":24302,"date":"2014-11-23T00:21:03","date_gmt":"2014-11-23T03:21:03","guid":{"rendered":"http:\/\/www.cordobatimes.com\/deportes\/?p=24302"},"modified":"2014-11-23T20:05:37","modified_gmt":"2014-11-23T23:05:37","slug":"lanus-le-gano-gimnasia-y-acompana-por-el-momento-al-puntero-river-plate","status":"publish","type":"post","link":"https:\/\/www.cordobatimes.com\/deportes\/futbol\/2014\/11\/23\/lanus-le-gano-gimnasia-y-acompana-por-el-momento-al-puntero-river-plate\/","title":{"rendered":"Lan\u00fas le gan\u00f3 Gimnasia y acompa\u00f1a, por el momento, al puntero River"},"content":{"rendered":"<h3 style=\"text-align: justify;\"><strong><a href=\"http:\/\/www.cordobatimes.com\/deportes\/wp-content\/uploads\/2014\/11\/torneo-primera-division-1974359w620.jpg\"><img loading=\"lazy\" decoding=\"async\" class=\"alignnone  wp-image-24305\" style=\"margin: 5px;\" alt=\"torneo-primera-division-1974359w620\" src=\"http:\/\/www.cordobatimes.com\/deportes\/wp-content\/uploads\/2014\/11\/torneo-primera-division-1974359w620.jpg\" width=\"630\" height=\"413\" data-id=\"24305\" \/><\/a>Por la 17\u00b0 fecha del campeonato, el Granate venci\u00f3 2-0 al Tripero con goles de Romero (19m PT) y Ayala (31m ST). De esta forma, el equipo de Schelotto lleg\u00f3 a la punta junto al Millo, quien ma\u00f1ana se enfrentar\u00e1 a Racing y no pierde las chances de coronarse campe\u00f3n.<\/strong><\/h3>\n<p>&nbsp;<\/p>\n<p style=\"text-align: justify;\">Tras un partido discreto y con la victoria obtenida, Lan\u00fas lleg\u00f3 a 33 puntos, la misma cantidad que River, mientras que Gimnasia y Esgrima La Plata se qued\u00f3 con 18 unidades.<\/p>\n<p><object width=\"100%\" height=\"315\" classid=\"clsid:d27cdb6e-ae6d-11cf-96b8-444553540000\" codebase=\"http:\/\/download.macromedia.com\/pub\/shockwave\/cabs\/flash\/swflash.cab#version=6,0,40,0\"><param name=\"src\" value=\"http:\/\/www.clarin.com\/static\/CLAClarin\/swf\/jwplayer\/player.swf\" \/><param name=\"allowscriptaccess\" value=\"always\" \/><param name=\"allowfullscreen\" value=\"true\" \/><param name=\"flashvars\" value=\"&amp;controlbar=over&amp;file=http:\/\/contenidos2.clarin.com\/sincro\/diario\/flv\/2014\/11\/22\/VID\/CLAVID20141122_0040\/video_web.flv%3Fn%3D0&amp;image=\/deportes\/Lanus-Gimnasia_CLAVID20141122_0040_3.jpg&amp;ova.ads=%5Bobject%20Object%5D&amp;ova.autoPlay=false&amp;ova.autoplay=false&amp;ova.clearPlaylist=false&amp;ova.debug=%5Bobject%20Object%5D&amp;ova.delayAdRequestUntilPlay=true&amp;ova.delayadrequestuntilplay=true&amp;ova.height=261&amp;ova.ignoreDefaultSplashImage=false&amp;ova.pluginmode=FLASH&amp;ova.shows=%5Bobject%20Object%5D&amp;ova.visible=true&amp;ova.width=424&amp;ova.x=0&amp;ova.y=0&amp;plugins=viral-h%2Chttp:\/\/www.clarin.com%2Fstatic%2FCLAClarin%2Fswf%2Fjwplayer%2Fova-jw.swf&amp;viral.allowmenu=false&amp;viral.oncomplete=false&amp;viral.onpause=true&amp;viral.pluginmode=FLASH\" \/><embed width=\"100%\" height=\"315\" type=\"application\/x-shockwave-flash\" src=\"http:\/\/www.clarin.com\/static\/CLAClarin\/swf\/jwplayer\/player.swf\" allowscriptaccess=\"always\" allowfullscreen=\"true\" flashvars=\"&amp;controlbar=over&amp;file=http:\/\/contenidos2.clarin.com\/sincro\/diario\/flv\/2014\/11\/22\/VID\/CLAVID20141122_0040\/video_web.flv%3Fn%3D0&amp;image=\/deportes\/Lanus-Gimnasia_CLAVID20141122_0040_3.jpg&amp;ova.ads=%5Bobject%20Object%5D&amp;ova.autoPlay=false&amp;ova.autoplay=false&amp;ova.clearPlaylist=false&amp;ova.debug=%5Bobject%20Object%5D&amp;ova.delayAdRequestUntilPlay=true&amp;ova.delayadrequestuntilplay=true&amp;ova.height=261&amp;ova.ignoreDefaultSplashImage=false&amp;ova.pluginmode=FLASH&amp;ova.shows=%5Bobject%20Object%5D&amp;ova.visible=true&amp;ova.width=424&amp;ova.x=0&amp;ova.y=0&amp;plugins=viral-h%2Chttp:\/\/www.clarin.com%2Fstatic%2FCLAClarin%2Fswf%2Fjwplayer%2Fova-jw.swf&amp;viral.allowmenu=false&amp;viral.oncomplete=false&amp;viral.onpause=true&amp;viral.pluginmode=FLASH\" \/><\/object><\/p>\n<p>&nbsp;<\/p>\n<p style=\"text-align: justify;\"><strong>S\u00cdNTESIS<\/strong><\/p>\n<p style=\"text-align: justify;\"><strong>Lan\u00fas:<\/strong> Agust\u00edn Marches\u00edn; Carlos Araujo, Gustavo G\u00f3mez, Diego Braghieri y Nicol\u00e1s Pasquini; Diego Gonz\u00e1lez, Jorge Ortiz y V\u00edctor Ayala; Silvio Romero, Santiago Silva y Oscar Ben\u00edtez. DT: Guillermo Barros Schelotto.<\/p>\n<p style=\"text-align: justify;\"><strong>Gimnasia:<\/strong> Fernando Monetti; Facundo Oreja, Osvaldo Barsottini, Maximiliano Coronel y Lucas Licht; Jorge Rojas, Alvaro Fern\u00e1ndez, Omar Pouso y Javier Mendoza; Maximiliano Meza; y Pablo Vegetti. DT: Pedro Troglio.<\/p>\n<p style=\"text-align: justify;\">Gol en el primer tiempo: 19m. Romero (L).<\/p>\n<p style=\"text-align: justify;\">Gol en el segundo tiempo: 31m. Ayala (L).<\/p>\n<p style=\"text-align: justify;\">Cambios en el segundo tiempo: 16m. Leandro Somoza por Ort\u00edz (L); 17m. Mat\u00edas Mart\u00ednez por G\u00f3mez (L); 22m. Ignacio Fern\u00e1ndez por Pouso (GyELP); 24m. Lucas Melano por Romero (L) y 27m. Nery Cardozo por Rojas (GyELP);<\/p>\n<p style=\"text-align: justify;\">Amonestado: G\u00f3mez (L).<\/p>\n<p style=\"text-align: justify;\">Estadio: Lan\u00fas.<\/p>\n<p style=\"text-align: justify;\">\u00c1rbitro: Pablo Lunati.<\/p>\n","protected":false},"excerpt":{"rendered":"<p>Por la 17\u00b0 fecha del campeonato, el Granate venci\u00f3 2-0 al Tripero con goles de Romero (19m PT) y Ayala (31m ST). De esta forma, el equipo de Schelotto lleg\u00f3 a la punta junto al Millo, quien ma\u00f1ana se enfrentar\u00e1 a Racing y no pierde las chances de coronarse campe\u00f3n. &nbsp; Tras un partido discreto [&hellip;]<\/p>\n","protected":false},"author":20,"featured_media":24305,"comment_status":"closed","ping_status":"closed","sticky":false,"template":"","format":"standard","meta":{"_seopress_robots_primary_cat":"","_seopress_titles_title":"","_seopress_titles_desc":"","_seopress_robots_index":"","footnotes":""},"categories":[2,16],"tags":[33,977,73],"class_list":["post-24302","post","type-post","status-publish","format-standard","has-post-thumbnail","hentry","category-futbol","category-primera-division","tag-afa","tag-gimnasia-de-la-plata","tag-lanus"],"_links":{"self":[{"href":"https:\/\/www.cordobatimes.com\/deportes\/wp-json\/wp\/v2\/posts\/24302","targetHints":{"allow":["GET"]}}],"collection":[{"href":"https:\/\/www.cordobatimes.com\/deportes\/wp-json\/wp\/v2\/posts"}],"about":[{"href":"https:\/\/www.cordobatimes.com\/deportes\/wp-json\/wp\/v2\/types\/post"}],"author":[{"embeddable":true,"href":"https:\/\/www.cordobatimes.com\/deportes\/wp-json\/wp\/v2\/users\/20"}],"replies":[{"embeddable":true,"href":"https:\/\/www.cordobatimes.com\/deportes\/wp-json\/wp\/v2\/comments?post=24302"}],"version-history":[{"count":0,"href":"https:\/\/www.cordobatimes.com\/deportes\/wp-json\/wp\/v2\/posts\/24302\/revisions"}],"wp:featuredmedia":[{"embeddable":true,"href":"https:\/\/www.cordobatimes.com\/deportes\/wp-json\/wp\/v2\/media\/24305"}],"wp:attachment":[{"href":"https:\/\/www.cordobatimes.com\/deportes\/wp-json\/wp\/v2\/media?parent=24302"}],"wp:term":[{"taxonomy":"category","embeddable":true,"href":"https:\/\/www.cordobatimes.com\/deportes\/wp-json\/wp\/v2\/categories?post=24302"},{"taxonomy":"post_tag","embeddable":true,"href":"https:\/\/www.cordobatimes.com\/deportes\/wp-json\/wp\/v2\/tags?post=24302"}],"curies":[{"name":"wp","href":"https:\/\/api.w.org\/{rel}","templated":true}]}}