{"id":24211,"date":"2014-11-20T14:48:09","date_gmt":"2014-11-20T17:48:09","guid":{"rendered":"http:\/\/www.cordobatimes.com\/deportes\/?p=24211"},"modified":"2014-11-20T14:48:09","modified_gmt":"2014-11-20T17:48:09","slug":"instituto-raul-damiani-anuncio-su-retiro","status":"publish","type":"post","link":"https:\/\/www.cordobatimes.com\/deportes\/futbol\/2014\/11\/20\/instituto-raul-damiani-anuncio-su-retiro\/","title":{"rendered":"Instituto: Ra\u00fal Damiani anunci\u00f3 su retiro"},"content":{"rendered":"<p style=\"text-align: center;\"><a href=\"http:\/\/www.cordobatimes.com\/deportes\/wp-content\/uploads\/2014\/11\/Instituto.jpg\"><img loading=\"lazy\" decoding=\"async\" class=\" wp-image-24212 aligncenter\" alt=\"Instituto\" src=\"http:\/\/www.cordobatimes.com\/deportes\/wp-content\/uploads\/2014\/11\/Instituto-979x1024.jpg\" width=\"979\" height=\"1024\" data-id=\"24212\" srcset=\"https:\/\/www.cordobatimes.com\/deportes\/wp-content\/uploads\/2014\/11\/Instituto-979x1024.jpg 979w, https:\/\/www.cordobatimes.com\/deportes\/wp-content\/uploads\/2014\/11\/Instituto-287x300.jpg 287w, https:\/\/www.cordobatimes.com\/deportes\/wp-content\/uploads\/2014\/11\/Instituto.jpg 1531w\" sizes=\"auto, (max-width: 979px) 100vw, 979px\" \/><\/a><\/p>\n<h3 style=\"text-align: justify;\"><b>El defensor, referente de la Gloria, anunci\u00f3 que a fin de a\u00f1o dejar\u00e1 la actividad profesional.\u00a0 Tiene 35 a\u00f1os.<\/b><\/h3>\n<p style=\"text-align: justify;\">\n<p style=\"text-align: justify;\">\n<p style=\"text-align: justify;\">Ra\u00fal Damiani, uno de los caudillos e \u00eddolos de la instituci\u00f3n de Alta C\u00f3rdoba, anunci\u00f3 que dejar\u00e1 el f\u00fatbol. Una de las razones es que quiere dedicarle m\u00e1s tiempo a su familia.<\/p>\n<p style=\"text-align: justify;\">\u201cConsidero que no es momento para seguir jugando. Quiero estar m\u00e1s cerca de mi familia. Ya es hora que eso suceda. Hace 15 a\u00f1os dej\u00e9 Newell\u2019s Old Boys (club donde se inici\u00f3), y no he parado hasta ahora. Por eso al final de este torneo dejar\u00e9, es el momento justo\u201d, dijo \u201cRaulo\u201d, como se lo conoce en el ambiente del f\u00fatbol.<\/p>\n<p style=\"text-align: justify;\">Consultado sobre el porqu\u00e9 de su decisi\u00f3n, el defensor dijo: \u201cInstituto necesita otra cosa, le conviene enfrentar el futuro con jugadores propios. Si sigo ene l equipo estar\u00eda tapando a chicos de las divisiones inferiores\u201d.<\/p>\n<p style=\"text-align: justify;\">Respecto a su futuro, Damiani asegur\u00f3: \u201cLo primero que har\u00e9 es volver a Rold\u00e1n, Santa Fe (su ciudad). No he pensado qu\u00e9 voy a hacer. All\u00ed me pondr\u00e9 a analizar cu\u00e1l ser\u00e1 mi futuro para luego empezar a hacer otra cosa\u201d.<\/p>\n<p style=\"text-align: justify;\">Por \u00faltimo, el jugador se mostr\u00f3 muy agradecido a Instituto y a su gente por los a\u00f1os vividos. \u201cMis cuatro a\u00f1os en la instituci\u00f3n han sido un paso muy importante en mi vida. Este club me ha adoptado como jugador propio cuando en realidad he venido desde afuera. Los hinchas me han tratado con much\u00edsimo afecto. Le tendr\u00e9 un cari\u00f1o eterno a este club porque me abri\u00f3 las puertas en los \u00faltimos a\u00f1os de mi carrera profesional\u201d, concluy\u00f3.<\/p>\n","protected":false},"excerpt":{"rendered":"<p>El defensor, referente de la Gloria, anunci\u00f3 que a fin de a\u00f1o dejar\u00e1 la actividad profesional.\u00a0 Tiene 35 a\u00f1os. Ra\u00fal Damiani, uno de los caudillos e \u00eddolos de la instituci\u00f3n de Alta C\u00f3rdoba, anunci\u00f3 que dejar\u00e1 el f\u00fatbol. Una de las razones es que quiere dedicarle m\u00e1s tiempo a su familia. \u201cConsidero que no es [&hellip;]<\/p>\n","protected":false},"author":15,"featured_media":24212,"comment_status":"closed","ping_status":"closed","sticky":false,"template":"","format":"standard","meta":{"_seopress_robots_primary_cat":"","_seopress_titles_title":"","_seopress_titles_desc":"","_seopress_robots_index":"","footnotes":""},"categories":[2,17],"tags":[33,35,4463],"class_list":["post-24211","post","type-post","status-publish","format-standard","has-post-thumbnail","hentry","category-futbol","category-nacional-b","tag-afa","tag-instituto","tag-raul-damiani"],"_links":{"self":[{"href":"https:\/\/www.cordobatimes.com\/deportes\/wp-json\/wp\/v2\/posts\/24211","targetHints":{"allow":["GET"]}}],"collection":[{"href":"https:\/\/www.cordobatimes.com\/deportes\/wp-json\/wp\/v2\/posts"}],"about":[{"href":"https:\/\/www.cordobatimes.com\/deportes\/wp-json\/wp\/v2\/types\/post"}],"author":[{"embeddable":true,"href":"https:\/\/www.cordobatimes.com\/deportes\/wp-json\/wp\/v2\/users\/15"}],"replies":[{"embeddable":true,"href":"https:\/\/www.cordobatimes.com\/deportes\/wp-json\/wp\/v2\/comments?post=24211"}],"version-history":[{"count":0,"href":"https:\/\/www.cordobatimes.com\/deportes\/wp-json\/wp\/v2\/posts\/24211\/revisions"}],"wp:featuredmedia":[{"embeddable":true,"href":"https:\/\/www.cordobatimes.com\/deportes\/wp-json\/wp\/v2\/media\/24212"}],"wp:attachment":[{"href":"https:\/\/www.cordobatimes.com\/deportes\/wp-json\/wp\/v2\/media?parent=24211"}],"wp:term":[{"taxonomy":"category","embeddable":true,"href":"https:\/\/www.cordobatimes.com\/deportes\/wp-json\/wp\/v2\/categories?post=24211"},{"taxonomy":"post_tag","embeddable":true,"href":"https:\/\/www.cordobatimes.com\/deportes\/wp-json\/wp\/v2\/tags?post=24211"}],"curies":[{"name":"wp","href":"https:\/\/api.w.org\/{rel}","templated":true}]}}