{"id":24154,"date":"2014-11-19T19:47:36","date_gmt":"2014-11-19T22:47:36","guid":{"rendered":"http:\/\/www.cordobatimes.com\/deportes\/?p=24154"},"modified":"2014-11-20T11:21:09","modified_gmt":"2014-11-20T14:21:09","slug":"mora-se-queda-sin-superclasico","status":"publish","type":"post","link":"https:\/\/www.cordobatimes.com\/deportes\/futbol\/2014\/11\/19\/mora-se-queda-sin-superclasico\/","title":{"rendered":"Mora se queda sin Supercl\u00e1sico"},"content":{"rendered":"<h3 style=\"text-align: justify;\"><strong><a href=\"http:\/\/www.cordobatimes.com\/deportes\/wp-content\/uploads\/2014\/11\/mora.jpg\"><img loading=\"lazy\" decoding=\"async\" class=\"alignnone  wp-image-24156\" style=\"margin: 5px;\" alt=\"mora\" src=\"http:\/\/www.cordobatimes.com\/deportes\/wp-content\/uploads\/2014\/11\/mora.jpg\" width=\"630\" height=\"350\" data-id=\"24156\" \/><\/a>El delantero de River se perder\u00e1 el primer encuentro de las semis por la Sudamericana ante Boca y el partido ante Racing por el torneo local. El uruguayo padece\u00a0una infecci\u00f3n abdominal.\u00a0Su reemplazante ser\u00e1 un juvenil: el &#8220;Cholito&#8221; Simeone o Boy\u00e9.<\/strong><\/h3>\n<p>&nbsp;<\/p>\n<p><strong>Parte m\u00e9dico<\/strong><\/p>\n<p style=\"text-align: justify;\"><em>En el d\u00eda de la fecha, el cuerpo m\u00e9dico del plantel profesional de River inform\u00f3 que Rodrigo Mora padece una infecci\u00f3n abdominal, por lo cual est\u00e1 siendo tratado con antibi\u00f3ticos, reposo y dieta l\u00edquida.<\/em><\/p>\n<p style=\"text-align: justify;\"><em>Debido a dicho malestar, el jugador fue descartado para participar del partido de ma\u00f1ana frente a Boca Juniors.<\/em><\/p>\n<p style=\"text-align: justify;\"><em>El Club informa que el jugador se encuentra en reposo en su domicilio con el tratamiento recomendado por el cuerpo m\u00e9dico. Por el momento, no hay elementos que indiquen la necesidad de una intervenci\u00f3n quir\u00fargica.<\/em><\/p>\n","protected":false},"excerpt":{"rendered":"<p>El delantero de River se perder\u00e1 el primer encuentro de las semis por la Sudamericana ante Boca y el partido ante Racing por el torneo local. El uruguayo padece\u00a0una infecci\u00f3n abdominal.\u00a0Su reemplazante ser\u00e1 un juvenil: el &#8220;Cholito&#8221; Simeone o Boy\u00e9. &nbsp; Parte m\u00e9dico En el d\u00eda de la fecha, el cuerpo m\u00e9dico del plantel profesional [&hellip;]<\/p>\n","protected":false},"author":5,"featured_media":24156,"comment_status":"closed","ping_status":"closed","sticky":false,"template":"","format":"standard","meta":{"_seopress_robots_primary_cat":"","_seopress_titles_title":"","_seopress_titles_desc":"","_seopress_robots_index":"","footnotes":""},"categories":[23,2],"tags":[650,2333,4455,850,1525,1046],"class_list":["post-24154","post","type-post","status-publish","format-standard","has-post-thumbnail","hentry","category-copa-sudamericana","category-futbol","tag-boca-juniors","tag-boca-river","tag-infeccion-abdominal","tag-river-plate","tag-rodrigo-mora","tag-superclasico"],"_links":{"self":[{"href":"https:\/\/www.cordobatimes.com\/deportes\/wp-json\/wp\/v2\/posts\/24154","targetHints":{"allow":["GET"]}}],"collection":[{"href":"https:\/\/www.cordobatimes.com\/deportes\/wp-json\/wp\/v2\/posts"}],"about":[{"href":"https:\/\/www.cordobatimes.com\/deportes\/wp-json\/wp\/v2\/types\/post"}],"author":[{"embeddable":true,"href":"https:\/\/www.cordobatimes.com\/deportes\/wp-json\/wp\/v2\/users\/5"}],"replies":[{"embeddable":true,"href":"https:\/\/www.cordobatimes.com\/deportes\/wp-json\/wp\/v2\/comments?post=24154"}],"version-history":[{"count":0,"href":"https:\/\/www.cordobatimes.com\/deportes\/wp-json\/wp\/v2\/posts\/24154\/revisions"}],"wp:featuredmedia":[{"embeddable":true,"href":"https:\/\/www.cordobatimes.com\/deportes\/wp-json\/wp\/v2\/media\/24156"}],"wp:attachment":[{"href":"https:\/\/www.cordobatimes.com\/deportes\/wp-json\/wp\/v2\/media?parent=24154"}],"wp:term":[{"taxonomy":"category","embeddable":true,"href":"https:\/\/www.cordobatimes.com\/deportes\/wp-json\/wp\/v2\/categories?post=24154"},{"taxonomy":"post_tag","embeddable":true,"href":"https:\/\/www.cordobatimes.com\/deportes\/wp-json\/wp\/v2\/tags?post=24154"}],"curies":[{"name":"wp","href":"https:\/\/api.w.org\/{rel}","templated":true}]}}