{"id":24011,"date":"2014-11-16T20:01:40","date_gmt":"2014-11-16T23:01:40","guid":{"rendered":"http:\/\/www.cordobatimes.com\/deportes\/?p=24011"},"modified":"2014-11-16T20:07:41","modified_gmt":"2014-11-16T23:07:41","slug":"la-mexicana-luna-derroto-a-chapita-gutierrez-y-se-quedo-con-el-titulo-supergallo-de-la-fib","status":"publish","type":"post","link":"https:\/\/www.cordobatimes.com\/deportes\/polideportivo\/2014\/11\/16\/la-mexicana-luna-derroto-a-chapita-gutierrez-y-se-quedo-con-el-titulo-supergallo-de-la-fib\/","title":{"rendered":"La mexicana Luna derrot\u00f3 a &#8220;Chapita&#8221; Guti\u00e9rrez y se qued\u00f3 con el t\u00edtulo supergallo de la FIB"},"content":{"rendered":"<figure id=\"attachment_24015\" aria-describedby=\"caption-attachment-24015\" style=\"width: 988px\" class=\"wp-caption aligncenter\"><a href=\"http:\/\/www.cordobatimes.com\/deportes\/wp-content\/uploads\/2014\/11\/luna-chapita.jpg\"><img loading=\"lazy\" decoding=\"async\" class=\"size-full wp-image-24015 \" alt=\"Foto: Facundo Luque\" src=\"http:\/\/www.cordobatimes.com\/deportes\/wp-content\/uploads\/2014\/11\/luna-chapita.jpg\" width=\"988\" height=\"555\" data-id=\"24015\" srcset=\"https:\/\/www.cordobatimes.com\/deportes\/wp-content\/uploads\/2014\/11\/luna-chapita.jpg 988w, https:\/\/www.cordobatimes.com\/deportes\/wp-content\/uploads\/2014\/11\/luna-chapita-300x168.jpg 300w\" sizes=\"auto, (max-width: 988px) 100vw, 988px\" \/><\/a><figcaption id=\"caption-attachment-24015\" class=\"wp-caption-text\">Foto: Facundo Luque<\/figcaption><\/figure>\n<h3 style=\"text-align: justify;\">&#8220;La Cobrita&#8221;\u00a0<strong>dio la sopresa y venci\u00f3 por puntos,\u00a0<\/strong>en fallo un\u00e1nime, a la pugilista cordobesa. La joven de 20 a\u00f1os se llev\u00f3 el cintur\u00f3n con mucha autoridad, tras imponerse en las tarjetas por 99-91.<\/h3>\n<p>&nbsp;<\/p>\n<p style=\"text-align: justify;\">En el evento organizado por Sergio &#8220;Maravilla&#8221; Mart\u00ednez en C\u00f3rdoba, el s\u00e1bado por la noche, la cordobesa Carolina &#8220;Chapita&#8221; Guti\u00e9rrez\u00a0(22-5-1-1, 13 KO&#8217;s)\u00a0perdi\u00f3 en el Hotel Quorum ante la mexicana\u00a0Yulihan\u00a0&#8220;La Cobrita&#8221;\u00a0Luna \u00c1vila\u00a0(12-2, 1 KO).<\/p>\n<p style=\"text-align: justify;\">Se esperaba que la boxeadora nacional manejara sin problemas la pelea, pero se encontr\u00f3 con una joven de 20 a\u00f1os que dio el batacazo y le gan\u00f3 el duelo de punta a punta.<\/p>\n<p style=\"text-align: justify;\">Luna se impuso ampliamente por puntos, en fallo un\u00e1nime, tras marcar en las tres tarjetas de los jurados 99 a 91. De este modo, la azteca se convirti\u00f3 en la campeona del t\u00edtulo supergallo de la Federaci\u00f3n Internacional de Boxeo (FIB).<\/p>\n<p style=\"text-align: justify;\">\n","protected":false},"excerpt":{"rendered":"<p>&#8220;La Cobrita&#8221;\u00a0dio la sopresa y venci\u00f3 por puntos,\u00a0en fallo un\u00e1nime, a la pugilista cordobesa. La joven de 20 a\u00f1os se llev\u00f3 el cintur\u00f3n con mucha autoridad, tras imponerse en las tarjetas por 99-91. &nbsp; En el evento organizado por Sergio &#8220;Maravilla&#8221; Mart\u00ednez en C\u00f3rdoba, el s\u00e1bado por la noche, la cordobesa Carolina &#8220;Chapita&#8221; Guti\u00e9rrez\u00a0(22-5-1-1, 13 [&hellip;]<\/p>\n","protected":false},"author":5,"featured_media":24015,"comment_status":"closed","ping_status":"closed","sticky":false,"template":"","format":"standard","meta":{"_seopress_robots_primary_cat":"","_seopress_titles_title":"","_seopress_titles_desc":"","_seopress_robots_index":"","footnotes":""},"categories":[7,6],"tags":[5561,4421,4422,296,4423],"class_list":["post-24011","post","type-post","status-publish","format-standard","has-post-thumbnail","hentry","category-boxeo","category-polideportivo","tag-boxeo","tag-chapita-gutierrez","tag-fib","tag-maravilla-martinez","tag-yulihan-luna-avila"],"_links":{"self":[{"href":"https:\/\/www.cordobatimes.com\/deportes\/wp-json\/wp\/v2\/posts\/24011","targetHints":{"allow":["GET"]}}],"collection":[{"href":"https:\/\/www.cordobatimes.com\/deportes\/wp-json\/wp\/v2\/posts"}],"about":[{"href":"https:\/\/www.cordobatimes.com\/deportes\/wp-json\/wp\/v2\/types\/post"}],"author":[{"embeddable":true,"href":"https:\/\/www.cordobatimes.com\/deportes\/wp-json\/wp\/v2\/users\/5"}],"replies":[{"embeddable":true,"href":"https:\/\/www.cordobatimes.com\/deportes\/wp-json\/wp\/v2\/comments?post=24011"}],"version-history":[{"count":0,"href":"https:\/\/www.cordobatimes.com\/deportes\/wp-json\/wp\/v2\/posts\/24011\/revisions"}],"wp:featuredmedia":[{"embeddable":true,"href":"https:\/\/www.cordobatimes.com\/deportes\/wp-json\/wp\/v2\/media\/24015"}],"wp:attachment":[{"href":"https:\/\/www.cordobatimes.com\/deportes\/wp-json\/wp\/v2\/media?parent=24011"}],"wp:term":[{"taxonomy":"category","embeddable":true,"href":"https:\/\/www.cordobatimes.com\/deportes\/wp-json\/wp\/v2\/categories?post=24011"},{"taxonomy":"post_tag","embeddable":true,"href":"https:\/\/www.cordobatimes.com\/deportes\/wp-json\/wp\/v2\/tags?post=24011"}],"curies":[{"name":"wp","href":"https:\/\/api.w.org\/{rel}","templated":true}]}}