{"id":23992,"date":"2014-11-16T18:57:03","date_gmt":"2014-11-16T21:57:03","guid":{"rendered":"http:\/\/www.cordobatimes.com\/deportes\/?p=23992"},"modified":"2014-11-16T18:57:03","modified_gmt":"2014-11-16T21:57:03","slug":"finales-atp-federer-no-pudo-jugar-por-una-lesion-y-djokovic-se-consagro-campeon","status":"publish","type":"post","link":"https:\/\/www.cordobatimes.com\/deportes\/tenis\/2014\/11\/16\/finales-atp-federer-no-pudo-jugar-por-una-lesion-y-djokovic-se-consagro-campeon\/","title":{"rendered":"Finales ATP: Federer no pudo jugar por una lesi\u00f3n y Djokovic se consagr\u00f3 campe\u00f3n"},"content":{"rendered":"<figure id=\"attachment_23993\" aria-describedby=\"caption-attachment-23993\" style=\"width: 697px\" class=\"wp-caption aligncenter\"><a href=\"http:\/\/www.cordobatimes.com\/deportes\/wp-content\/uploads\/2014\/11\/djokovic1.png\"><img loading=\"lazy\" decoding=\"async\" class=\"size-full wp-image-23993 \" alt=\"Djokovic, campe\u00f3n en las Finales ATP por tercer a\u00f1o consecutivo\" src=\"http:\/\/www.cordobatimes.com\/deportes\/wp-content\/uploads\/2014\/11\/djokovic1.png\" width=\"697\" height=\"424\" data-id=\"23993\" srcset=\"https:\/\/www.cordobatimes.com\/deportes\/wp-content\/uploads\/2014\/11\/djokovic1.png 697w, https:\/\/www.cordobatimes.com\/deportes\/wp-content\/uploads\/2014\/11\/djokovic1-300x182.png 300w\" sizes=\"auto, (max-width: 697px) 100vw, 697px\" \/><\/a><figcaption id=\"caption-attachment-23993\" class=\"wp-caption-text\">Djokovic, campe\u00f3n en las Finales ATP por tercer a\u00f1o consecutivo<\/figcaption><\/figure>\n<h3 style=\"text-align: justify;\">El suizo se baj\u00f3 de la definici\u00f3n por una molestia en la espalda, por lo que el serbio N\u00b0 1 del mundo se coron\u00f3 por tercera vez consecutiva en el\u00a0ATP World Tours Finals. A\u00a0una hora del inicio de la final, Roger anunci\u00f3 ante el p\u00fablico su ausencia:\u00a0&#8220;No puedo competir a este nivel con Novak. Ser\u00eda demasiado arriesgado a mi edad&#8221;.<\/h3>\n","protected":false},"excerpt":{"rendered":"<p>El suizo se baj\u00f3 de la definici\u00f3n por una molestia en la espalda, por lo que el serbio N\u00b0 1 del mundo se coron\u00f3 por tercera vez consecutiva en el\u00a0ATP World Tours Finals. A\u00a0una hora del inicio de la final, Roger anunci\u00f3 ante el p\u00fablico su ausencia:\u00a0&#8220;No puedo competir a este nivel con Novak. Ser\u00eda [&hellip;]<\/p>\n","protected":false},"author":5,"featured_media":23993,"comment_status":"closed","ping_status":"closed","sticky":false,"template":"","format":"standard","meta":{"_seopress_robots_primary_cat":"","_seopress_titles_title":"","_seopress_titles_desc":"","_seopress_robots_index":"","footnotes":""},"categories":[4],"tags":[4389,4420,4390,308,377],"class_list":["post-23992","post","type-post","status-publish","format-standard","has-post-thumbnail","hentry","category-tenis","tag-atp-world-tour-finals","tag-federer-lesionado","tag-finales-atp","tag-novak-djokovic","tag-roger-federer"],"_links":{"self":[{"href":"https:\/\/www.cordobatimes.com\/deportes\/wp-json\/wp\/v2\/posts\/23992","targetHints":{"allow":["GET"]}}],"collection":[{"href":"https:\/\/www.cordobatimes.com\/deportes\/wp-json\/wp\/v2\/posts"}],"about":[{"href":"https:\/\/www.cordobatimes.com\/deportes\/wp-json\/wp\/v2\/types\/post"}],"author":[{"embeddable":true,"href":"https:\/\/www.cordobatimes.com\/deportes\/wp-json\/wp\/v2\/users\/5"}],"replies":[{"embeddable":true,"href":"https:\/\/www.cordobatimes.com\/deportes\/wp-json\/wp\/v2\/comments?post=23992"}],"version-history":[{"count":0,"href":"https:\/\/www.cordobatimes.com\/deportes\/wp-json\/wp\/v2\/posts\/23992\/revisions"}],"wp:featuredmedia":[{"embeddable":true,"href":"https:\/\/www.cordobatimes.com\/deportes\/wp-json\/wp\/v2\/media\/23993"}],"wp:attachment":[{"href":"https:\/\/www.cordobatimes.com\/deportes\/wp-json\/wp\/v2\/media?parent=23992"}],"wp:term":[{"taxonomy":"category","embeddable":true,"href":"https:\/\/www.cordobatimes.com\/deportes\/wp-json\/wp\/v2\/categories?post=23992"},{"taxonomy":"post_tag","embeddable":true,"href":"https:\/\/www.cordobatimes.com\/deportes\/wp-json\/wp\/v2\/tags?post=23992"}],"curies":[{"name":"wp","href":"https:\/\/api.w.org\/{rel}","templated":true}]}}