{"id":23949,"date":"2014-11-16T11:44:21","date_gmt":"2014-11-16T14:44:21","guid":{"rendered":"http:\/\/www.cordobatimes.com\/deportes\/?p=23949"},"modified":"2014-11-17T12:06:22","modified_gmt":"2014-11-17T15:06:22","slug":"pechito-lopez-volvio-a-ganar-en-el-mundial-de-turismo","status":"publish","type":"post","link":"https:\/\/www.cordobatimes.com\/deportes\/automovilismo\/2014\/11\/16\/pechito-lopez-volvio-a-ganar-en-el-mundial-de-turismo\/","title":{"rendered":"Pechito L\u00f3pez volvi\u00f3 a ganar en el Mundial de Turismo"},"content":{"rendered":"<p>&nbsp;<\/p>\n<h3><strong><a href=\"http:\/\/www.cordobatimes.com\/deportes\/wp-content\/uploads\/2014\/11\/Pechito-L\u00f2pez.jpg\"><img loading=\"lazy\" decoding=\"async\" class=\"size-full wp-image-23953 aligncenter\" alt=\"Pechito L\u00f2pez\" src=\"http:\/\/www.cordobatimes.com\/deportes\/wp-content\/uploads\/2014\/11\/Pechito-L\u00f2pez.jpg\" width=\"1000\" height=\"560\" data-id=\"23953\" srcset=\"https:\/\/www.cordobatimes.com\/deportes\/wp-content\/uploads\/2014\/11\/Pechito-L\u00f2pez.jpg 1000w, https:\/\/www.cordobatimes.com\/deportes\/wp-content\/uploads\/2014\/11\/Pechito-L\u00f2pez-300x168.jpg 300w\" sizes=\"auto, (max-width: 1000px) 100vw, 1000px\" \/><\/a><\/strong><\/h3>\n<h3><strong>El argentino consigui\u00f3 su d\u00e9cima victoria en el campeonato y estableci\u00f3 un nuevo r\u00e9cord de la categor\u00eda. La carrera se disput\u00f3 en Macao ante una multitud.\u00a0<\/strong><\/h3>\n<p>&nbsp;<\/p>\n<p>Jos\u00e9 Mar\u00eda L\u00f3pez sum\u00f3 un nuevo triunfo, el n\u00famero 10 del a\u00f1o de esta temporada, lo que supone un nuevo r\u00e9cord en la competici\u00f3n y un\u00a0\u00e9xito para Citroen, que coloca a tres pilotos en el podio de la\u00a0clasificaci\u00f3n del campeonato.<\/p>\n<p>La primera carrera de la pen\u00faltima prueba del Mundial, disputada bajo un calor t\u00f3rrido y elevada humedad, fue un paseo para Pechito, que el pasado 26 de octubre se proclam\u00f3 campe\u00f3n del mundo en Suzuka. Segundo fue el h\u00fangaro Norbert Michelisz y tercero el italiano Gabriele Tarquini, ambos con Honda.<\/p>\n<p>El ingl\u00e9s Rob Huff se adjudic\u00f3 la segunda y \u00faltima carrera, por delante del franc\u00e9s Yvan Muller, compa\u00f1ero de L\u00f3pez en Citroen. El propio argentino obtuvo un quinto puesto, mientras que Sebastien Loeb, multicampe\u00f3n del mundo de rallys, fue sexto en ambas pruebas y se garantiza la tercera plaza final del campeonato.<\/p>\n<p>Con 17 victorias en 23 carreras, Citro\u00ebn consigue un pleno con el t\u00edtulo de constructores y un triplete con L\u00f3pez, Muller y Loeb en el campeonato de pilotos.<\/p>\n<p><strong>&#8211; Clasificaci\u00f3n primera carrera:<\/strong><br \/>\n1. Jos\u00e9 Mar\u00eda L\u00f3pez (Citro\u00ebn C-Elys\u00e9e WTCC)<br \/>\n2. Norbert Michelisz (Honda Civic WTCC) a \u00a0 2.741<br \/>\n3. Gabriele Tarquini (Honda Civic WTCC) a \u00a0 3.661<\/p>\n<p><strong>&#8211; Clasificaci\u00f3n segunda carrera:<\/strong><br \/>\n1. Rob Huff (Lada Granta 1.6T)<br \/>\n2. Yvan Muller (Citro\u00ebn C-Elys\u00e9e WTCC) \u00a0 \u00a0a \u00a0 344<br \/>\n3. Hugo Valente (Chevrolet RML Cruze TC1) a 3.352<\/p>\n<p>Fuente: TyC Sports.<\/p>\n","protected":false},"excerpt":{"rendered":"<p>&nbsp; El argentino consigui\u00f3 su d\u00e9cima victoria en el campeonato y estableci\u00f3 un nuevo r\u00e9cord de la categor\u00eda. La carrera se disput\u00f3 en Macao ante una multitud.\u00a0 &nbsp; Jos\u00e9 Mar\u00eda L\u00f3pez sum\u00f3 un nuevo triunfo, el n\u00famero 10 del a\u00f1o de esta temporada, lo que supone un nuevo r\u00e9cord en la competici\u00f3n y un\u00a0\u00e9xito para [&hellip;]<\/p>\n","protected":false},"author":2,"featured_media":23953,"comment_status":"closed","ping_status":"closed","sticky":false,"template":"","format":"standard","meta":{"_seopress_robots_primary_cat":"","_seopress_titles_title":"","_seopress_titles_desc":"","_seopress_robots_index":"","footnotes":""},"categories":[1],"tags":[912,4413,414,4415,4414,287,413],"class_list":["post-23949","post","type-post","status-publish","format-standard","has-post-thumbnail","hentry","category-automovilismo","tag-campeon","tag-campeonato-mundial-de-turismo","tag-citroen","tag-decima-victoria-de-pechito-lopez-en-el-wtcc","tag-macao","tag-pechito-lopez","tag-wtcc"],"_links":{"self":[{"href":"https:\/\/www.cordobatimes.com\/deportes\/wp-json\/wp\/v2\/posts\/23949","targetHints":{"allow":["GET"]}}],"collection":[{"href":"https:\/\/www.cordobatimes.com\/deportes\/wp-json\/wp\/v2\/posts"}],"about":[{"href":"https:\/\/www.cordobatimes.com\/deportes\/wp-json\/wp\/v2\/types\/post"}],"author":[{"embeddable":true,"href":"https:\/\/www.cordobatimes.com\/deportes\/wp-json\/wp\/v2\/users\/2"}],"replies":[{"embeddable":true,"href":"https:\/\/www.cordobatimes.com\/deportes\/wp-json\/wp\/v2\/comments?post=23949"}],"version-history":[{"count":0,"href":"https:\/\/www.cordobatimes.com\/deportes\/wp-json\/wp\/v2\/posts\/23949\/revisions"}],"wp:featuredmedia":[{"embeddable":true,"href":"https:\/\/www.cordobatimes.com\/deportes\/wp-json\/wp\/v2\/media\/23953"}],"wp:attachment":[{"href":"https:\/\/www.cordobatimes.com\/deportes\/wp-json\/wp\/v2\/media?parent=23949"}],"wp:term":[{"taxonomy":"category","embeddable":true,"href":"https:\/\/www.cordobatimes.com\/deportes\/wp-json\/wp\/v2\/categories?post=23949"},{"taxonomy":"post_tag","embeddable":true,"href":"https:\/\/www.cordobatimes.com\/deportes\/wp-json\/wp\/v2\/tags?post=23949"}],"curies":[{"name":"wp","href":"https:\/\/api.w.org\/{rel}","templated":true}]}}