{"id":23912,"date":"2014-11-15T22:24:07","date_gmt":"2014-11-16T01:24:07","guid":{"rendered":"http:\/\/www.cordobatimes.com\/deportes\/?p=23912"},"modified":"2014-11-16T12:02:33","modified_gmt":"2014-11-16T15:02:33","slug":"union-de-santa-fe-ascendio-a-la-primera-division","status":"publish","type":"post","link":"https:\/\/www.cordobatimes.com\/deportes\/futbol\/2014\/11\/15\/union-de-santa-fe-ascendio-a-la-primera-division\/","title":{"rendered":"Uni\u00f3n de Santa Fe ascendi\u00f3 a la Primera Divisi\u00f3n"},"content":{"rendered":"<h3 style=\"text-align: justify;\"><strong><a href=\"http:\/\/www.cordobatimes.com\/deportes\/wp-content\/uploads\/2014\/11\/Uni\u00f3n.jpg\"><img loading=\"lazy\" decoding=\"async\" class=\"size-full wp-image-23913 aligncenter\" alt=\"Uni\u00f3n\" src=\"http:\/\/www.cordobatimes.com\/deportes\/wp-content\/uploads\/2014\/11\/Uni\u00f3n.jpg\" width=\"1000\" height=\"560\" data-id=\"23913\" srcset=\"https:\/\/www.cordobatimes.com\/deportes\/wp-content\/uploads\/2014\/11\/Uni\u00f3n.jpg 1000w, https:\/\/www.cordobatimes.com\/deportes\/wp-content\/uploads\/2014\/11\/Uni\u00f3n-300x168.jpg 300w\" sizes=\"auto, (max-width: 1000px) 100vw, 1000px\" \/><\/a><\/strong><\/h3>\n<h3 style=\"text-align: justify;\"><strong>Como local, el Tatengue derrot\u00f3 2-0 a Temperley y consigui\u00f3 uno de los boletos rumbo a la m\u00e1xima categor\u00eda. Los goles fueron anotados por Guerra, de penal, y Lucas Gamba.\u00a0<\/strong><\/h3>\n<p>&nbsp;<\/p>\n<p style=\"text-align: justify;\">Tres fechas antes del final, los dirigidos por Leonardo Carol Madel\u00f3n tuvieron su premio por el gran desempe\u00f1o realizado en la presente edici\u00f3n de la B Nacional, sobre todo en la segunda parte del certamen, convirti\u00e9ndose en el mejor de la categor\u00eda.<\/p>\n<p style=\"text-align: justify;\">Uni\u00f3n,\u00a0que marcha puntero en la Zona B con 34 puntos, volvi\u00f3 a Primera luego de un a\u00f1o y medio en el Nacional y se convirti\u00f3 en el primer equipo en adjudicarse uno de los diez ascensos para el nuevo campeonato de 30 equipos.<\/p>\n<p style=\"text-align: justify;\">En un encuentro que hab\u00eda comenzado parejo, el conjunto santafecino marc\u00f3 la diferencia con las conquistas\u00a0de Claudio Guerra, cambiando penal por gol a los 18` de la etapa inicial y Lucas Gamba, en 46` del mismo per\u00edodo, tras un centro desde la derecha.<\/p>\n<p><iframe loading=\"lazy\" src=\"\/\/www.youtube.com\/embed\/Rc1TDG8bVpk\" height=\"315\" width=\"560\" allowfullscreen=\"\" frameborder=\"0\"><\/iframe><\/p>\n<p style=\"text-align: justify;\"><span style=\"text-decoration: underline;\"><strong>Hubo m\u00e1s partidos<\/strong><\/span><\/p>\n<p style=\"text-align: justify;\">. Hurac\u00e1n venci\u00f3 por 1-0 a Crucero del Norte en Misiones y se meti\u00f3 en zona de ascenso. El\u00a0Globo logr\u00f3 la victoria gracias al gol de Cristian Espinoza a los 42 minutos del primer tiempo.<\/p>\n<p style=\"text-align: justify;\">. En Floresta, Independiente de Mendoza sorprendi\u00f3 y le gan\u00f3 1-0 a All Boys, con un tanto de Mat\u00edas Villarreal.<\/p>\n","protected":false},"excerpt":{"rendered":"<p>Como local, el Tatengue derrot\u00f3 2-0 a Temperley y consigui\u00f3 uno de los boletos rumbo a la m\u00e1xima categor\u00eda. Los goles fueron anotados por Guerra, de penal, y Lucas Gamba.\u00a0 &nbsp; Tres fechas antes del final, los dirigidos por Leonardo Carol Madel\u00f3n tuvieron su premio por el gran desempe\u00f1o realizado en la presente edici\u00f3n de [&hellip;]<\/p>\n","protected":false},"author":2,"featured_media":23913,"comment_status":"closed","ping_status":"closed","sticky":false,"template":"","format":"standard","meta":{"_seopress_robots_primary_cat":"","_seopress_titles_title":"","_seopress_titles_desc":"","_seopress_robots_index":"","footnotes":""},"categories":[2,17,16],"tags":[33,34,2163,4409],"class_list":["post-23912","post","type-post","status-publish","format-standard","has-post-thumbnail","hentry","category-futbol","category-nacional-b","category-primera-division","tag-afa","tag-b-nacional","tag-santa-fe","tag-union-ascendio-a-la-primera-division"],"_links":{"self":[{"href":"https:\/\/www.cordobatimes.com\/deportes\/wp-json\/wp\/v2\/posts\/23912","targetHints":{"allow":["GET"]}}],"collection":[{"href":"https:\/\/www.cordobatimes.com\/deportes\/wp-json\/wp\/v2\/posts"}],"about":[{"href":"https:\/\/www.cordobatimes.com\/deportes\/wp-json\/wp\/v2\/types\/post"}],"author":[{"embeddable":true,"href":"https:\/\/www.cordobatimes.com\/deportes\/wp-json\/wp\/v2\/users\/2"}],"replies":[{"embeddable":true,"href":"https:\/\/www.cordobatimes.com\/deportes\/wp-json\/wp\/v2\/comments?post=23912"}],"version-history":[{"count":0,"href":"https:\/\/www.cordobatimes.com\/deportes\/wp-json\/wp\/v2\/posts\/23912\/revisions"}],"wp:featuredmedia":[{"embeddable":true,"href":"https:\/\/www.cordobatimes.com\/deportes\/wp-json\/wp\/v2\/media\/23913"}],"wp:attachment":[{"href":"https:\/\/www.cordobatimes.com\/deportes\/wp-json\/wp\/v2\/media?parent=23912"}],"wp:term":[{"taxonomy":"category","embeddable":true,"href":"https:\/\/www.cordobatimes.com\/deportes\/wp-json\/wp\/v2\/categories?post=23912"},{"taxonomy":"post_tag","embeddable":true,"href":"https:\/\/www.cordobatimes.com\/deportes\/wp-json\/wp\/v2\/tags?post=23912"}],"curies":[{"name":"wp","href":"https:\/\/api.w.org\/{rel}","templated":true}]}}